{"id":1342,"date":"2017-07-10T13:31:09","date_gmt":"2017-07-10T09:31:09","guid":{"rendered":"http:\/\/college-raymondverges.ac-reunion.fr\/?p=1342"},"modified":"2017-07-10T13:57:56","modified_gmt":"2017-07-10T09:57:56","slug":"rentree-des-classes-2017","status":"publish","type":"post","link":"https:\/\/etab.ac-reunion.fr\/clg-raymond-verges\/2017\/07\/10\/rentree-des-classes-2017\/","title":{"rendered":"Rentr\u00e9e des classes 2017"},"content":{"rendered":"<p>voir le lien\u00a0\u00a0\u00a0\u00a0 <a href=\"https:\/\/etab.ac-reunion.fr\/clg-raymond-verges\/wp-content\/uploads\/sites\/12\/2017\/07\/info-rentr\u00e9e-2017-1-1.docx\">info rentr\u00e9e 2017<\/a><\/p>\n<p>&nbsp;<\/p>\n<p>La rentr\u00e9e des classes aura lieu le vendredi 17 ao\u00fbt 2017 \u00e0 partir de 8 h<\/p>\n<p>Les ULIS seront accueillis de 8h \u00e0 12h<\/p>\n","protected":false},"excerpt":{"rendered":"<p>voir le lien\u00a0\u00a0\u00a0\u00a0 info rentr\u00e9e 2017 &nbsp; La rentr\u00e9e des classes aura lieu le vendredi 17 ao\u00fbt 2017 \u00e0 partir de 8 h Les ULIS seront accueillis de 8h \u00e0 12h<\/p>\n","protected":false},"author":12506,"featured_media":0,"comment_status":"closed","ping_status":"open","sticky":false,"template":"","format":"standard","meta":{"footnotes":""},"categories":[10,1],"tags":[],"class_list":["post-1342","post","type-post","status-publish","format-standard","hentry","category-aux-familles","category-vie-de-letablissement"],"_links":{"self":[{"href":"https:\/\/etab.ac-reunion.fr\/clg-raymond-verges\/wp-json\/wp\/v2\/posts\/1342","targetHints":{"allow":["GET"]}}],"collection":[{"href":"https:\/\/etab.ac-reunion.fr\/clg-raymond-verges\/wp-json\/wp\/v2\/posts"}],"about":[{"href":"https:\/\/etab.ac-reunion.fr\/clg-raymond-verges\/wp-json\/wp\/v2\/types\/post"}],"author":[{"embeddable":true,"href":"https:\/\/etab.ac-reunion.fr\/clg-raymond-verges\/wp-json\/wp\/v2\/users\/12506"}],"replies":[{"embeddable":true,"href":"https:\/\/etab.ac-reunion.fr\/clg-raymond-verges\/wp-json\/wp\/v2\/comments?post=1342"}],"version-history":[{"count":3,"href":"https:\/\/etab.ac-reunion.fr\/clg-raymond-verges\/wp-json\/wp\/v2\/posts\/1342\/revisions"}],"predecessor-version":[{"id":1347,"href":"https:\/\/etab.ac-reunion.fr\/clg-raymond-verges\/wp-json\/wp\/v2\/posts\/1342\/revisions\/1347"}],"wp:attachment":[{"href":"https:\/\/etab.ac-reunion.fr\/clg-raymond-verges\/wp-json\/wp\/v2\/media?parent=1342"}],"wp:term":[{"taxonomy":"category","embeddable":true,"href":"https:\/\/etab.ac-reunion.fr\/clg-raymond-verges\/wp-json\/wp\/v2\/categories?post=1342"},{"taxonomy":"post_tag","embeddable":true,"href":"https:\/\/etab.ac-reunion.fr\/clg-raymond-verges\/wp-json\/wp\/v2\/tags?post=1342"}],"curies":[{"name":"wp","href":"https:\/\/api.w.org\/{rel}","templated":true}]}}