{"id":1348,"date":"2017-08-10T11:50:42","date_gmt":"2017-08-10T07:50:42","guid":{"rendered":"http:\/\/college-raymondverges.ac-reunion.fr\/?p=1348"},"modified":"2017-08-16T11:52:58","modified_gmt":"2017-08-16T07:52:58","slug":"erratum-rentree-vendredi-18-aout-2017","status":"publish","type":"post","link":"https:\/\/etab.ac-reunion.fr\/clg-raymond-verges\/2017\/08\/10\/erratum-rentree-vendredi-18-aout-2017\/","title":{"rendered":"ERRATUM Rentr\u00e9e &#8211; vendredi 18 ao\u00fbt 2017"},"content":{"rendered":"<p style=\"text-align: center\"><strong>Rentr\u00e9e scolaire 2017 \u2013 2018<\/strong><\/p>\n<p>&nbsp;<\/p>\n<p>La rentr\u00e9e des classes 2017 \u2013 2018\u00a0 aura lieu\u00a0 le <strong>vendredi 18 ao\u00fbt 2017.<\/strong><\/p>\n<p>L\u2019accueil se d\u00e9roulera comme suit\u00a0:<\/p>\n<p>&nbsp;<\/p>\n<p>8h \u00a0\u00a0\u00a0\u00a0\u00a0 \u00a0\u00a0\u00a0\u00a0\u00a0\u00a0\u00a0\u00a0\u00a0\u00a0\u00a0 \u00a0\u00a0\u00a0\u00a0\u00a0\u00a0\u00a0\u00a0\u00a0\u00a0\u00a0 Appel des 6EME<\/p>\n<p>Les \u00e9l\u00e8ves seront pris en charge par les professeurs principaux<\/p>\n<p>8h30 \u2013 10h00 \u00a0\u00a0\u00a0\u00a0\u00a0\u00a0 R\u00e9union d\u2019information des parents de 6EME au r\u00e9fectoire<\/p>\n<p>9h \u00a0\u00a0\u00a0\u00a0\u00a0\u00a0\u00a0\u00a0\u00a0\u00a0\u00a0\u00a0\u00a0\u00a0\u00a0\u00a0\u00a0 \u00a0\u00a0\u00a0\u00a0\u00a0\u00a0\u00a0\u00a0\u00a0\u00a0\u00a0 Rentr\u00e9e des 5EME<\/p>\n<p>12h \u00a0\u00a0\u00a0\u00a0\u00a0\u00a0\u00a0\u00a0\u00a0\u00a0\u00a0\u00a0\u00a0\u00a0\u00a0\u00a0\u00a0\u00a0\u00a0\u00a0\u00a0\u00a0\u00a0\u00a0\u00a0\u00a0 Les 6EME et 5EME sont lib\u00e9r\u00e9s. Pas de pr\u00e9sence au coll\u00e8ge l\u2019apr\u00e8s midi.<\/p>\n<p>Les \u00e9l\u00e8ves de l\u2019ULIS seront accueillis de 8 \u00e0 12h<\/p>\n<p>&nbsp;<\/p>\n<p>13h30\u00a0\u00a0\u00a0\u00a0\u00a0\u00a0\u00a0\u00a0\u00a0\u00a0 \u00a0 \u00a0\u00a0\u00a0\u00a0\u00a0\u00a0\u00a0\u00a0\u00a0 Rentr\u00e9e des 4EME et 3EME<\/p>\n<p>16h30\u00a0\u00a0\u00a0\u00a0\u00a0\u00a0\u00a0\u00a0\u00a0\u00a0\u00a0\u00a0\u00a0\u00a0\u00a0\u00a0\u00a0\u00a0\u00a0\u00a0\u00a0\u00a0 Sortie des 4EME ET 3EME<\/p>\n<p>&nbsp;<\/p>\n<p>Les cours d\u00e9buteront le <strong>lundi 21 ao\u00fbt 2017<\/strong> selon l\u2019emploi du temps de la classe.<\/p>\n<p>&nbsp;<\/p>\n<p>La direction<\/p>\n","protected":false},"excerpt":{"rendered":"<p>Rentr\u00e9e scolaire 2017 \u2013 2018 &nbsp; La rentr\u00e9e des classes 2017 \u2013 2018\u00a0 aura lieu\u00a0 le vendredi 18 ao\u00fbt 2017. L\u2019accueil se d\u00e9roulera comme suit\u00a0: &nbsp; 8h \u00a0\u00a0\u00a0\u00a0\u00a0 \u00a0\u00a0\u00a0\u00a0\u00a0\u00a0\u00a0\u00a0\u00a0\u00a0\u00a0 \u00a0\u00a0\u00a0\u00a0\u00a0\u00a0\u00a0\u00a0\u00a0\u00a0\u00a0 Appel des 6EME Les \u00e9l\u00e8ves seront pris en charge par les professeurs principaux 8h30 \u2013 10h00 \u00a0\u00a0\u00a0\u00a0\u00a0\u00a0 R\u00e9union d\u2019information des &hellip;<\/p>\n","protected":false},"author":12508,"featured_media":0,"comment_status":"closed","ping_status":"open","sticky":false,"template":"","format":"standard","meta":{"footnotes":""},"categories":[10,1],"tags":[],"class_list":["post-1348","post","type-post","status-publish","format-standard","hentry","category-aux-familles","category-vie-de-letablissement"],"_links":{"self":[{"href":"https:\/\/etab.ac-reunion.fr\/clg-raymond-verges\/wp-json\/wp\/v2\/posts\/1348","targetHints":{"allow":["GET"]}}],"collection":[{"href":"https:\/\/etab.ac-reunion.fr\/clg-raymond-verges\/wp-json\/wp\/v2\/posts"}],"about":[{"href":"https:\/\/etab.ac-reunion.fr\/clg-raymond-verges\/wp-json\/wp\/v2\/types\/post"}],"author":[{"embeddable":true,"href":"https:\/\/etab.ac-reunion.fr\/clg-raymond-verges\/wp-json\/wp\/v2\/users\/12508"}],"replies":[{"embeddable":true,"href":"https:\/\/etab.ac-reunion.fr\/clg-raymond-verges\/wp-json\/wp\/v2\/comments?post=1348"}],"version-history":[{"count":3,"href":"https:\/\/etab.ac-reunion.fr\/clg-raymond-verges\/wp-json\/wp\/v2\/posts\/1348\/revisions"}],"predecessor-version":[{"id":1354,"href":"https:\/\/etab.ac-reunion.fr\/clg-raymond-verges\/wp-json\/wp\/v2\/posts\/1348\/revisions\/1354"}],"wp:attachment":[{"href":"https:\/\/etab.ac-reunion.fr\/clg-raymond-verges\/wp-json\/wp\/v2\/media?parent=1348"}],"wp:term":[{"taxonomy":"category","embeddable":true,"href":"https:\/\/etab.ac-reunion.fr\/clg-raymond-verges\/wp-json\/wp\/v2\/categories?post=1348"},{"taxonomy":"post_tag","embeddable":true,"href":"https:\/\/etab.ac-reunion.fr\/clg-raymond-verges\/wp-json\/wp\/v2\/tags?post=1348"}],"curies":[{"name":"wp","href":"https:\/\/api.w.org\/{rel}","templated":true}]}}