{"id":1352,"date":"2017-08-14T13:43:09","date_gmt":"2017-08-14T09:43:09","guid":{"rendered":"http:\/\/college-raymondverges.ac-reunion.fr\/?p=1352"},"modified":"2017-08-14T13:43:09","modified_gmt":"2017-08-14T09:43:09","slug":"horaires-du-ramassage-scolaire-le-vendredi-18-aout-2017","status":"publish","type":"post","link":"https:\/\/etab.ac-reunion.fr\/clg-raymond-verges\/2017\/08\/14\/horaires-du-ramassage-scolaire-le-vendredi-18-aout-2017\/","title":{"rendered":"Horaires du ramassage scolaire le vendredi 18 ao\u00fbt 2017"},"content":{"rendered":"<p>Le ramassage du matin se fera \u00e0 l&rsquo;horaire habituel\u00a0 (6\u00e8me et 5\u00e8me).<\/p>\n<p>12h Retour domicile pour les 6\u00e8me et 5\u00e8me<\/p>\n<p>12h 45 Ramassage 4\u00e8me et 3\u00e8me<\/p>\n<p>16h 45 Retour domicile pour les 4\u00e8me et 3\u00e8me<\/p>\n","protected":false},"excerpt":{"rendered":"<p>Le ramassage du matin se fera \u00e0 l&rsquo;horaire habituel\u00a0 (6\u00e8me et 5\u00e8me). 12h Retour domicile pour les 6\u00e8me et 5\u00e8me 12h 45 Ramassage 4\u00e8me et 3\u00e8me 16h 45 Retour domicile pour les 4\u00e8me et 3\u00e8me<\/p>\n","protected":false},"author":12506,"featured_media":0,"comment_status":"closed","ping_status":"open","sticky":false,"template":"","format":"standard","meta":{"footnotes":""},"categories":[10],"tags":[],"class_list":["post-1352","post","type-post","status-publish","format-standard","hentry","category-aux-familles"],"_links":{"self":[{"href":"https:\/\/etab.ac-reunion.fr\/clg-raymond-verges\/wp-json\/wp\/v2\/posts\/1352","targetHints":{"allow":["GET"]}}],"collection":[{"href":"https:\/\/etab.ac-reunion.fr\/clg-raymond-verges\/wp-json\/wp\/v2\/posts"}],"about":[{"href":"https:\/\/etab.ac-reunion.fr\/clg-raymond-verges\/wp-json\/wp\/v2\/types\/post"}],"author":[{"embeddable":true,"href":"https:\/\/etab.ac-reunion.fr\/clg-raymond-verges\/wp-json\/wp\/v2\/users\/12506"}],"replies":[{"embeddable":true,"href":"https:\/\/etab.ac-reunion.fr\/clg-raymond-verges\/wp-json\/wp\/v2\/comments?post=1352"}],"version-history":[{"count":1,"href":"https:\/\/etab.ac-reunion.fr\/clg-raymond-verges\/wp-json\/wp\/v2\/posts\/1352\/revisions"}],"predecessor-version":[{"id":1353,"href":"https:\/\/etab.ac-reunion.fr\/clg-raymond-verges\/wp-json\/wp\/v2\/posts\/1352\/revisions\/1353"}],"wp:attachment":[{"href":"https:\/\/etab.ac-reunion.fr\/clg-raymond-verges\/wp-json\/wp\/v2\/media?parent=1352"}],"wp:term":[{"taxonomy":"category","embeddable":true,"href":"https:\/\/etab.ac-reunion.fr\/clg-raymond-verges\/wp-json\/wp\/v2\/categories?post=1352"},{"taxonomy":"post_tag","embeddable":true,"href":"https:\/\/etab.ac-reunion.fr\/clg-raymond-verges\/wp-json\/wp\/v2\/tags?post=1352"}],"curies":[{"name":"wp","href":"https:\/\/api.w.org\/{rel}","templated":true}]}}