{"id":1358,"date":"2017-09-04T10:23:09","date_gmt":"2017-09-04T06:23:09","guid":{"rendered":"http:\/\/college-raymondverges.ac-reunion.fr\/?p=1358"},"modified":"2017-09-04T10:23:09","modified_gmt":"2017-09-04T06:23:09","slug":"election-des-representants-des-parents-deleves","status":"publish","type":"post","link":"https:\/\/etab.ac-reunion.fr\/clg-raymond-verges\/2017\/09\/04\/election-des-representants-des-parents-deleves\/","title":{"rendered":"\u00c9LECTION DES REPR\u00c9SENTANTS DES PARENTS D\u2019\u00c9L\u00c8VES"},"content":{"rendered":"<p>L&rsquo;\u00e9lection des repr\u00e9sentants des parents d&rsquo;\u00e9l\u00e8ves se tiendra le<\/p>\n<p><strong>Vendredi 29 septembre 2017 de 8 \u00e0 12 h au coll\u00e8ge.<\/strong><\/p>\n<p>Le vote pourra se faire \u00e9galement par correspondance d\u00e8s r\u00e9ception des documents (voir liens ci-dessous)<\/p>\n<p><a href=\"https:\/\/etab.ac-reunion.fr\/clg-raymond-verges\/wp-content\/uploads\/sites\/12\/2017\/09\/elections-des-repr\u00e9sentants-des-parents-d\u00e9l\u00e8ves.pdf\">\u00e9lections des repr\u00e9sentants des parents d&rsquo;\u00e9l\u00e8ves<\/a><\/p>\n<p><a href=\"https:\/\/etab.ac-reunion.fr\/clg-raymond-verges\/wp-content\/uploads\/sites\/12\/2017\/09\/lettre-des-parents-aux-parents.pdf\">lettre des parents aux parents<\/a><\/p>\n","protected":false},"excerpt":{"rendered":"<p>L&rsquo;\u00e9lection des repr\u00e9sentants des parents d&rsquo;\u00e9l\u00e8ves se tiendra le Vendredi 29 septembre 2017 de 8 \u00e0 12 h au coll\u00e8ge. Le vote pourra se faire \u00e9galement par correspondance d\u00e8s r\u00e9ception des documents (voir liens ci-dessous) \u00e9lections des repr\u00e9sentants des parents d&rsquo;\u00e9l\u00e8ves lettre des parents aux parents<\/p>\n","protected":false},"author":12506,"featured_media":0,"comment_status":"closed","ping_status":"open","sticky":false,"template":"","format":"standard","meta":{"footnotes":""},"categories":[1],"tags":[],"class_list":["post-1358","post","type-post","status-publish","format-standard","hentry","category-vie-de-letablissement"],"_links":{"self":[{"href":"https:\/\/etab.ac-reunion.fr\/clg-raymond-verges\/wp-json\/wp\/v2\/posts\/1358","targetHints":{"allow":["GET"]}}],"collection":[{"href":"https:\/\/etab.ac-reunion.fr\/clg-raymond-verges\/wp-json\/wp\/v2\/posts"}],"about":[{"href":"https:\/\/etab.ac-reunion.fr\/clg-raymond-verges\/wp-json\/wp\/v2\/types\/post"}],"author":[{"embeddable":true,"href":"https:\/\/etab.ac-reunion.fr\/clg-raymond-verges\/wp-json\/wp\/v2\/users\/12506"}],"replies":[{"embeddable":true,"href":"https:\/\/etab.ac-reunion.fr\/clg-raymond-verges\/wp-json\/wp\/v2\/comments?post=1358"}],"version-history":[{"count":1,"href":"https:\/\/etab.ac-reunion.fr\/clg-raymond-verges\/wp-json\/wp\/v2\/posts\/1358\/revisions"}],"predecessor-version":[{"id":1361,"href":"https:\/\/etab.ac-reunion.fr\/clg-raymond-verges\/wp-json\/wp\/v2\/posts\/1358\/revisions\/1361"}],"wp:attachment":[{"href":"https:\/\/etab.ac-reunion.fr\/clg-raymond-verges\/wp-json\/wp\/v2\/media?parent=1358"}],"wp:term":[{"taxonomy":"category","embeddable":true,"href":"https:\/\/etab.ac-reunion.fr\/clg-raymond-verges\/wp-json\/wp\/v2\/categories?post=1358"},{"taxonomy":"post_tag","embeddable":true,"href":"https:\/\/etab.ac-reunion.fr\/clg-raymond-verges\/wp-json\/wp\/v2\/tags?post=1358"}],"curies":[{"name":"wp","href":"https:\/\/api.w.org\/{rel}","templated":true}]}}