{"id":1365,"date":"2017-10-05T13:37:58","date_gmt":"2017-10-05T09:37:58","guid":{"rendered":"http:\/\/college-raymondverges.ac-reunion.fr\/?p=1365"},"modified":"2017-10-05T13:37:58","modified_gmt":"2017-10-05T09:37:58","slug":"depot-des-dossiers-de-bourse-de-college","status":"publish","type":"post","link":"https:\/\/etab.ac-reunion.fr\/clg-raymond-verges\/2017\/10\/05\/depot-des-dossiers-de-bourse-de-college\/","title":{"rendered":"DEPOT DES DOSSIERS DE BOURSE DE COLLEGE"},"content":{"rendered":"<p>Aux Parents d&rsquo;\u00e9l\u00e8ves,<\/p>\n<p><strong>RAPPEL<\/strong> : certains d&rsquo;entre vous n&rsquo;ont toujours pas d\u00e9pos\u00e9 leur dossier de demande de bourse de coll\u00e8ge.<\/p>\n<p>Je vous rappelle que la date limite de d\u00e9p\u00f4t au coll\u00e8ge a \u00e9t\u00e9 fix\u00e9e au<strong> 18\/10\/2017.<\/strong><\/p>\n<p>Je vous demande de bien vouloir d\u00e9poser votre demande dans les plus brefs d\u00e9lais.<\/p>\n<p>Cordialement,<\/p>\n<p>Sylvain PRUGNON<\/p>\n<p>Secr\u00e9tariat d&rsquo;Intendance<\/p>\n","protected":false},"excerpt":{"rendered":"<p>Aux Parents d&rsquo;\u00e9l\u00e8ves, RAPPEL : certains d&rsquo;entre vous n&rsquo;ont toujours pas d\u00e9pos\u00e9 leur dossier de demande de bourse de coll\u00e8ge. Je vous rappelle que la date limite de d\u00e9p\u00f4t au coll\u00e8ge a \u00e9t\u00e9 fix\u00e9e au 18\/10\/2017. Je vous demande de bien vouloir d\u00e9poser votre demande dans les plus brefs d\u00e9lais. &hellip;<\/p>\n","protected":false},"author":155,"featured_media":0,"comment_status":"closed","ping_status":"open","sticky":false,"template":"","format":"standard","meta":{"footnotes":""},"categories":[10],"tags":[],"class_list":["post-1365","post","type-post","status-publish","format-standard","hentry","category-aux-familles"],"_links":{"self":[{"href":"https:\/\/etab.ac-reunion.fr\/clg-raymond-verges\/wp-json\/wp\/v2\/posts\/1365","targetHints":{"allow":["GET"]}}],"collection":[{"href":"https:\/\/etab.ac-reunion.fr\/clg-raymond-verges\/wp-json\/wp\/v2\/posts"}],"about":[{"href":"https:\/\/etab.ac-reunion.fr\/clg-raymond-verges\/wp-json\/wp\/v2\/types\/post"}],"author":[{"embeddable":true,"href":"https:\/\/etab.ac-reunion.fr\/clg-raymond-verges\/wp-json\/wp\/v2\/users\/155"}],"replies":[{"embeddable":true,"href":"https:\/\/etab.ac-reunion.fr\/clg-raymond-verges\/wp-json\/wp\/v2\/comments?post=1365"}],"version-history":[{"count":1,"href":"https:\/\/etab.ac-reunion.fr\/clg-raymond-verges\/wp-json\/wp\/v2\/posts\/1365\/revisions"}],"predecessor-version":[{"id":1366,"href":"https:\/\/etab.ac-reunion.fr\/clg-raymond-verges\/wp-json\/wp\/v2\/posts\/1365\/revisions\/1366"}],"wp:attachment":[{"href":"https:\/\/etab.ac-reunion.fr\/clg-raymond-verges\/wp-json\/wp\/v2\/media?parent=1365"}],"wp:term":[{"taxonomy":"category","embeddable":true,"href":"https:\/\/etab.ac-reunion.fr\/clg-raymond-verges\/wp-json\/wp\/v2\/categories?post=1365"},{"taxonomy":"post_tag","embeddable":true,"href":"https:\/\/etab.ac-reunion.fr\/clg-raymond-verges\/wp-json\/wp\/v2\/tags?post=1365"}],"curies":[{"name":"wp","href":"https:\/\/api.w.org\/{rel}","templated":true}]}}