{"id":1371,"date":"2017-10-09T10:53:46","date_gmt":"2017-10-09T06:53:46","guid":{"rendered":"http:\/\/college-raymondverges.ac-reunion.fr\/?p=1371"},"modified":"2017-10-09T10:53:46","modified_gmt":"2017-10-09T06:53:46","slug":"mouvement-social-du-10-octobre-2017","status":"publish","type":"post","link":"https:\/\/etab.ac-reunion.fr\/clg-raymond-verges\/2017\/10\/09\/mouvement-social-du-10-octobre-2017\/","title":{"rendered":"mouvement social du 10 octobre 2017"},"content":{"rendered":"<p>Madame, Monsieur,<\/p>\n<p>En raison d\u2019un mouvement de gr\u00e8ve dans la fonction publique, la <strong><u>restauration scolaire ne sera pas assur\u00e9e le mardi 10 octobre 2017<\/u><\/strong>.<\/p>\n<p>Les DP auront la possibilit\u00e9 de rester d\u00e9jeuner sur place si les parents fournissent le panier-repas. Pour les autres, il conviendra de remplir le billet d\u2019absence cantine qui se trouve dans le carnet de correspondance, ce qui leur permettra de sortir le midi. Celui-ci devra \u00eatre pr\u00e9sent\u00e9 en vie scolaire d\u00e8s l\u2019arriv\u00e9e au coll\u00e8ge.<\/p>\n<p>De fortes perturbations dans le fonctionnement habituel de l\u2019\u00e9tablissement sont \u00a0\u00e9galement \u00e0 pr\u00e9voir.<\/p>\n<p>Nous vous remercions de votre compr\u00e9hension.<\/p>\n<p>L\u2019\u00e9quipe de direction<\/p>\n","protected":false},"excerpt":{"rendered":"<p>Madame, Monsieur, En raison d\u2019un mouvement de gr\u00e8ve dans la fonction publique, la restauration scolaire ne sera pas assur\u00e9e le mardi 10 octobre 2017. Les DP auront la possibilit\u00e9 de rester d\u00e9jeuner sur place si les parents fournissent le panier-repas. Pour les autres, il conviendra de remplir le billet d\u2019absence &hellip;<\/p>\n","protected":false},"author":12506,"featured_media":0,"comment_status":"closed","ping_status":"open","sticky":false,"template":"","format":"standard","meta":{"footnotes":""},"categories":[1],"tags":[],"class_list":["post-1371","post","type-post","status-publish","format-standard","hentry","category-vie-de-letablissement"],"_links":{"self":[{"href":"https:\/\/etab.ac-reunion.fr\/clg-raymond-verges\/wp-json\/wp\/v2\/posts\/1371","targetHints":{"allow":["GET"]}}],"collection":[{"href":"https:\/\/etab.ac-reunion.fr\/clg-raymond-verges\/wp-json\/wp\/v2\/posts"}],"about":[{"href":"https:\/\/etab.ac-reunion.fr\/clg-raymond-verges\/wp-json\/wp\/v2\/types\/post"}],"author":[{"embeddable":true,"href":"https:\/\/etab.ac-reunion.fr\/clg-raymond-verges\/wp-json\/wp\/v2\/users\/12506"}],"replies":[{"embeddable":true,"href":"https:\/\/etab.ac-reunion.fr\/clg-raymond-verges\/wp-json\/wp\/v2\/comments?post=1371"}],"version-history":[{"count":1,"href":"https:\/\/etab.ac-reunion.fr\/clg-raymond-verges\/wp-json\/wp\/v2\/posts\/1371\/revisions"}],"predecessor-version":[{"id":1372,"href":"https:\/\/etab.ac-reunion.fr\/clg-raymond-verges\/wp-json\/wp\/v2\/posts\/1371\/revisions\/1372"}],"wp:attachment":[{"href":"https:\/\/etab.ac-reunion.fr\/clg-raymond-verges\/wp-json\/wp\/v2\/media?parent=1371"}],"wp:term":[{"taxonomy":"category","embeddable":true,"href":"https:\/\/etab.ac-reunion.fr\/clg-raymond-verges\/wp-json\/wp\/v2\/categories?post=1371"},{"taxonomy":"post_tag","embeddable":true,"href":"https:\/\/etab.ac-reunion.fr\/clg-raymond-verges\/wp-json\/wp\/v2\/tags?post=1371"}],"curies":[{"name":"wp","href":"https:\/\/api.w.org\/{rel}","templated":true}]}}