{"id":1386,"date":"2018-03-27T08:22:20","date_gmt":"2018-03-27T04:22:20","guid":{"rendered":"http:\/\/college-raymondverges.ac-reunion.fr\/?p=1386"},"modified":"2018-03-28T10:07:09","modified_gmt":"2018-03-28T06:07:09","slug":"conseils-de-classes-du-2e-trimestre","status":"publish","type":"post","link":"https:\/\/etab.ac-reunion.fr\/clg-raymond-verges\/2018\/03\/27\/conseils-de-classes-du-2e-trimestre\/","title":{"rendered":"Conseils de classes du 2e trimestre"},"content":{"rendered":"<p>Ci-joint l&#8217;emploi du temps des conseils de classe du 2e trimestre<\/p>\n<p><a href=\"https:\/\/etab.ac-reunion.fr\/clg-raymond-verges\/wp-content\/uploads\/sites\/12\/2018\/03\/CC-T2-2017-18.pdf\">CC T2 2017-18<\/a><\/p>\n<p>Les rencontres parents-professeurs auront lieu lundi 09\/04\/18 \u00e0 compt\u00e9 de 15h45.<\/p>\n<p>Ainsi les cours de la derni\u00e8re heure seront suspendus<\/p>\n<p style=\"text-align: right\">Arnaud SHAYER<\/p>\n<p style=\"text-align: right\">Principal adjoint<\/p>\n","protected":false},"excerpt":{"rendered":"<p>Ci-joint l&#8217;emploi du temps des conseils de classe du 2e trimestre CC T2 2017-18 Les rencontres parents-professeurs auront lieu lundi 09\/04\/18 \u00e0 compt\u00e9 de 15h45. Ainsi les cours de la derni\u00e8re heure seront suspendus Arnaud SHAYER Principal adjoint<\/p>\n","protected":false},"author":12508,"featured_media":0,"comment_status":"closed","ping_status":"closed","sticky":false,"template":"","format":"standard","meta":{"footnotes":""},"categories":[1],"tags":[],"class_list":["post-1386","post","type-post","status-publish","format-standard","hentry","category-vie-de-letablissement"],"_links":{"self":[{"href":"https:\/\/etab.ac-reunion.fr\/clg-raymond-verges\/wp-json\/wp\/v2\/posts\/1386","targetHints":{"allow":["GET"]}}],"collection":[{"href":"https:\/\/etab.ac-reunion.fr\/clg-raymond-verges\/wp-json\/wp\/v2\/posts"}],"about":[{"href":"https:\/\/etab.ac-reunion.fr\/clg-raymond-verges\/wp-json\/wp\/v2\/types\/post"}],"author":[{"embeddable":true,"href":"https:\/\/etab.ac-reunion.fr\/clg-raymond-verges\/wp-json\/wp\/v2\/users\/12508"}],"replies":[{"embeddable":true,"href":"https:\/\/etab.ac-reunion.fr\/clg-raymond-verges\/wp-json\/wp\/v2\/comments?post=1386"}],"version-history":[{"count":3,"href":"https:\/\/etab.ac-reunion.fr\/clg-raymond-verges\/wp-json\/wp\/v2\/posts\/1386\/revisions"}],"predecessor-version":[{"id":1390,"href":"https:\/\/etab.ac-reunion.fr\/clg-raymond-verges\/wp-json\/wp\/v2\/posts\/1386\/revisions\/1390"}],"wp:attachment":[{"href":"https:\/\/etab.ac-reunion.fr\/clg-raymond-verges\/wp-json\/wp\/v2\/media?parent=1386"}],"wp:term":[{"taxonomy":"category","embeddable":true,"href":"https:\/\/etab.ac-reunion.fr\/clg-raymond-verges\/wp-json\/wp\/v2\/categories?post=1386"},{"taxonomy":"post_tag","embeddable":true,"href":"https:\/\/etab.ac-reunion.fr\/clg-raymond-verges\/wp-json\/wp\/v2\/tags?post=1386"}],"curies":[{"name":"wp","href":"https:\/\/api.w.org\/{rel}","templated":true}]}}