{"id":395,"date":"2015-06-29T10:49:55","date_gmt":"2015-06-29T06:49:55","guid":{"rendered":"http:\/\/college-raymondverges-tmp.ac-reunion.fr\/?p=395"},"modified":"2015-06-29T18:03:33","modified_gmt":"2015-06-29T14:03:33","slug":"pageaccueil-jpg","status":"publish","type":"post","link":"https:\/\/etab.ac-reunion.fr\/clg-raymond-verges\/2015\/06\/29\/pageaccueil-jpg\/","title":{"rendered":"Bienvenue au Coll\u00e8ge R. Verg\u00e8s"},"content":{"rendered":"<p>Le Coll\u00e8ge Raymond Verg\u00e8s vous souhaite la bienvenue.<\/p>\n<p>Retrouvez toutes nos informations pratiques et nos actualit\u00e9s sur cette nouvelle plateforme publique.<\/p>\n<p>\u00c9l\u00e8ves, parents, personnels, vos espaces personnalis\u00e9s restent accessibles par authentification sur l&rsquo;ENT (lien en haut \u00e0 droite).<\/p>\n<p>Bonne navigation !<\/p>\n","protected":false},"excerpt":{"rendered":"<p>Le Coll\u00e8ge Raymond Verg\u00e8s vous souhaite la bienvenue. Retrouvez toutes nos informations pratiques et nos actualit\u00e9s sur cette nouvelle plateforme publique. \u00c9l\u00e8ves, parents, personnels, vos espaces personnalis\u00e9s restent accessibles par authentification sur l&rsquo;ENT (lien en haut \u00e0 droite). Bonne navigation !<\/p>\n","protected":false},"author":15,"featured_media":386,"comment_status":"closed","ping_status":"closed","sticky":false,"template":"","format":"standard","meta":{"footnotes":""},"categories":[19],"tags":[],"class_list":["post-395","post","type-post","status-publish","format-standard","has-post-thumbnail","hentry","category-slider"],"_links":{"self":[{"href":"https:\/\/etab.ac-reunion.fr\/clg-raymond-verges\/wp-json\/wp\/v2\/posts\/395","targetHints":{"allow":["GET"]}}],"collection":[{"href":"https:\/\/etab.ac-reunion.fr\/clg-raymond-verges\/wp-json\/wp\/v2\/posts"}],"about":[{"href":"https:\/\/etab.ac-reunion.fr\/clg-raymond-verges\/wp-json\/wp\/v2\/types\/post"}],"author":[{"embeddable":true,"href":"https:\/\/etab.ac-reunion.fr\/clg-raymond-verges\/wp-json\/wp\/v2\/users\/15"}],"replies":[{"embeddable":true,"href":"https:\/\/etab.ac-reunion.fr\/clg-raymond-verges\/wp-json\/wp\/v2\/comments?post=395"}],"version-history":[{"count":12,"href":"https:\/\/etab.ac-reunion.fr\/clg-raymond-verges\/wp-json\/wp\/v2\/posts\/395\/revisions"}],"predecessor-version":[{"id":1082,"href":"https:\/\/etab.ac-reunion.fr\/clg-raymond-verges\/wp-json\/wp\/v2\/posts\/395\/revisions\/1082"}],"wp:featuredmedia":[{"embeddable":true,"href":"https:\/\/etab.ac-reunion.fr\/clg-raymond-verges\/wp-json\/wp\/v2\/media\/386"}],"wp:attachment":[{"href":"https:\/\/etab.ac-reunion.fr\/clg-raymond-verges\/wp-json\/wp\/v2\/media?parent=395"}],"wp:term":[{"taxonomy":"category","embeddable":true,"href":"https:\/\/etab.ac-reunion.fr\/clg-raymond-verges\/wp-json\/wp\/v2\/categories?post=395"},{"taxonomy":"post_tag","embeddable":true,"href":"https:\/\/etab.ac-reunion.fr\/clg-raymond-verges\/wp-json\/wp\/v2\/tags?post=395"}],"curies":[{"name":"wp","href":"https:\/\/api.w.org\/{rel}","templated":true}]}}