{"id":464,"date":"2013-07-04T06:39:01","date_gmt":"2013-07-04T05:39:01","guid":{"rendered":"http:\/\/college-raymondverges-tmp.ac-reunion.fr\/?p=464"},"modified":"2013-09-30T08:45:51","modified_gmt":"2013-09-30T04:45:51","slug":"appariement-2013-college-raymond-verges-allemagne","status":"publish","type":"post","link":"https:\/\/etab.ac-reunion.fr\/clg-raymond-verges\/2013\/07\/04\/appariement-2013-college-raymond-verges-allemagne\/","title":{"rendered":"Appariement 2013 Coll\u00e8ge Raymond Verg\u00e8s &#8211; Allemagne"},"content":{"rendered":"<p>Retrouvez toutes les informations sur l&rsquo;\u00e9change Franco-Allemand auquel \u00e0 particip\u00e9 notre coll\u00e8ge en 2013 en cliquant sur le lien ci-dessous.<\/p>\n<p>Lien : <a href=\"http:\/\/schuleraustausch.wordpress.com\/\" target=\"_blank\">http:\/\/schuleraustausch.wordpress.com\/<\/a><\/p>\n<p>A.F<a href=\"https:\/\/etab.ac-reunion.fr\/clg-raymond-verges\/wp-content\/uploads\/sites\/12\/2013\/09\/jpg_Allemagne.jpg\"><img loading=\"lazy\" decoding=\"async\" class=\"alignleft size-medium wp-image-478\" alt=\"jpg_Allemagne\" src=\"https:\/\/etab.ac-reunion.fr\/clg-raymond-verges\/wp-content\/uploads\/sites\/12\/2013\/09\/jpg_Allemagne-300x195.jpg\" width=\"300\" height=\"195\" srcset=\"https:\/\/etab.ac-reunion.fr\/clg-raymond-verges\/wp-content\/uploads\/sites\/12\/2013\/09\/jpg_Allemagne-300x195.jpg 300w, https:\/\/etab.ac-reunion.fr\/clg-raymond-verges\/wp-content\/uploads\/sites\/12\/2013\/09\/jpg_Allemagne-207x136.jpg 207w, https:\/\/etab.ac-reunion.fr\/clg-raymond-verges\/wp-content\/uploads\/sites\/12\/2013\/09\/jpg_Allemagne-260x170.jpg 260w, https:\/\/etab.ac-reunion.fr\/clg-raymond-verges\/wp-content\/uploads\/sites\/12\/2013\/09\/jpg_Allemagne.jpg 1001w\" sizes=\"auto, (max-width: 300px) 100vw, 300px\" \/><\/a><\/p>\n","protected":false},"excerpt":{"rendered":"<p>Retrouvez toutes les informations sur l&rsquo;\u00e9change Franco-Allemand auquel \u00e0 particip\u00e9 notre coll\u00e8ge en 2013 en cliquant sur le lien ci-dessous. Lien : http:\/\/schuleraustausch.wordpress.com\/ A.F<\/p>\n","protected":false},"author":15,"featured_media":0,"comment_status":"closed","ping_status":"open","sticky":false,"template":"","format":"standard","meta":{"footnotes":""},"categories":[1],"tags":[],"class_list":["post-464","post","type-post","status-publish","format-standard","hentry","category-vie-de-letablissement"],"_links":{"self":[{"href":"https:\/\/etab.ac-reunion.fr\/clg-raymond-verges\/wp-json\/wp\/v2\/posts\/464","targetHints":{"allow":["GET"]}}],"collection":[{"href":"https:\/\/etab.ac-reunion.fr\/clg-raymond-verges\/wp-json\/wp\/v2\/posts"}],"about":[{"href":"https:\/\/etab.ac-reunion.fr\/clg-raymond-verges\/wp-json\/wp\/v2\/types\/post"}],"author":[{"embeddable":true,"href":"https:\/\/etab.ac-reunion.fr\/clg-raymond-verges\/wp-json\/wp\/v2\/users\/15"}],"replies":[{"embeddable":true,"href":"https:\/\/etab.ac-reunion.fr\/clg-raymond-verges\/wp-json\/wp\/v2\/comments?post=464"}],"version-history":[{"count":4,"href":"https:\/\/etab.ac-reunion.fr\/clg-raymond-verges\/wp-json\/wp\/v2\/posts\/464\/revisions"}],"predecessor-version":[{"id":509,"href":"https:\/\/etab.ac-reunion.fr\/clg-raymond-verges\/wp-json\/wp\/v2\/posts\/464\/revisions\/509"}],"wp:attachment":[{"href":"https:\/\/etab.ac-reunion.fr\/clg-raymond-verges\/wp-json\/wp\/v2\/media?parent=464"}],"wp:term":[{"taxonomy":"category","embeddable":true,"href":"https:\/\/etab.ac-reunion.fr\/clg-raymond-verges\/wp-json\/wp\/v2\/categories?post=464"},{"taxonomy":"post_tag","embeddable":true,"href":"https:\/\/etab.ac-reunion.fr\/clg-raymond-verges\/wp-json\/wp\/v2\/tags?post=464"}],"curies":[{"name":"wp","href":"https:\/\/api.w.org\/{rel}","templated":true}]}}