{"id":557,"date":"2012-10-30T10:42:09","date_gmt":"2012-10-30T06:42:09","guid":{"rendered":"http:\/\/college-raymondverges-tmp.ac-reunion.fr\/?p=557"},"modified":"2013-10-02T10:47:21","modified_gmt":"2013-10-02T06:47:21","slug":"college-au-cinema-le-programme-2012-2013","status":"publish","type":"post","link":"https:\/\/etab.ac-reunion.fr\/clg-raymond-verges\/2012\/10\/30\/college-au-cinema-le-programme-2012-2013\/","title":{"rendered":"Coll\u00e8ge au Cin\u00e9ma : le programme 2012-2013"},"content":{"rendered":"<p>Coll\u00e8ge au cin\u00e9ma propose aux \u00e9l\u00e8ves, de la classe de sixi\u00e8me \u00e0 celle de troisi\u00e8me, de d\u00e9couvrir des \u0153uvres cin\u00e9matographiques lors de projections organis\u00e9es sp\u00e9cialement \u00e0 leur intention dans les salles de cin\u00e9ma et de se constituer ainsi, gr\u00e2ce au travail p\u00e9dagogique d&rsquo;accompagnement conduit par les enseignants et les partenaires culturels, les bases d&rsquo;une culture cin\u00e9matographique.<\/p>\n<p>Cette ann\u00e9e, 3 classes de 6\u00e8 et les \u00e9l\u00e8ves d&rsquo;ULIS vont assister aux 3 projections suivantes:<\/p>\n<p>1er trimestre = Film \u00ab\u00a0Fantastic Mister Fox\u00a0\u00bb de \u00a0 \u00a0 \u00a0 \u00a0 &#8211; USA<\/p>\n<p>2\u00e8 trimestre =\u00a0 Film \u00a0\u00bb La Fl\u00e8che bris\u00e9e\u00a0\u00bb de\u00a0\u00a0\u00a0\u00a0\u00a0\u00a0\u00a0\u00a0\u00a0\u00a0\u00a0\u00a0 &#8211; USA<\/p>\n<p>3\u00e8 trimestre =\u00a0 Film \u00a0\u00bb Mon Oncle\u00a0\u00bb de Jacques TATI &#8211; France &#8211;<\/p>\n<p>Pour en savoir plus : <a title=\"CNC - coll\u00e8ge au cin\u00e9ma\" href=\"http:\/\/www.cnc.fr\/web\/fr\/college-au-cinema\" target=\"_blank\">http:\/\/www.cnc.fr\/web\/fr\/college-au-cinema<\/a><\/p>\n","protected":false},"excerpt":{"rendered":"<p>Coll\u00e8ge au cin\u00e9ma propose aux \u00e9l\u00e8ves, de la classe de sixi\u00e8me \u00e0 celle de troisi\u00e8me, de d\u00e9couvrir des \u0153uvres cin\u00e9matographiques lors de projections organis\u00e9es sp\u00e9cialement \u00e0 leur intention dans les salles de cin\u00e9ma et de se constituer ainsi, gr\u00e2ce au travail p\u00e9dagogique d&rsquo;accompagnement conduit par les enseignants et les partenaires &hellip;<\/p>\n","protected":false},"author":15,"featured_media":0,"comment_status":"closed","ping_status":"open","sticky":false,"template":"","format":"standard","meta":{"footnotes":""},"categories":[3,1],"tags":[],"class_list":["post-557","post","type-post","status-publish","format-standard","hentry","category-info-culturelle","category-vie-de-letablissement"],"_links":{"self":[{"href":"https:\/\/etab.ac-reunion.fr\/clg-raymond-verges\/wp-json\/wp\/v2\/posts\/557","targetHints":{"allow":["GET"]}}],"collection":[{"href":"https:\/\/etab.ac-reunion.fr\/clg-raymond-verges\/wp-json\/wp\/v2\/posts"}],"about":[{"href":"https:\/\/etab.ac-reunion.fr\/clg-raymond-verges\/wp-json\/wp\/v2\/types\/post"}],"author":[{"embeddable":true,"href":"https:\/\/etab.ac-reunion.fr\/clg-raymond-verges\/wp-json\/wp\/v2\/users\/15"}],"replies":[{"embeddable":true,"href":"https:\/\/etab.ac-reunion.fr\/clg-raymond-verges\/wp-json\/wp\/v2\/comments?post=557"}],"version-history":[{"count":3,"href":"https:\/\/etab.ac-reunion.fr\/clg-raymond-verges\/wp-json\/wp\/v2\/posts\/557\/revisions"}],"predecessor-version":[{"id":560,"href":"https:\/\/etab.ac-reunion.fr\/clg-raymond-verges\/wp-json\/wp\/v2\/posts\/557\/revisions\/560"}],"wp:attachment":[{"href":"https:\/\/etab.ac-reunion.fr\/clg-raymond-verges\/wp-json\/wp\/v2\/media?parent=557"}],"wp:term":[{"taxonomy":"category","embeddable":true,"href":"https:\/\/etab.ac-reunion.fr\/clg-raymond-verges\/wp-json\/wp\/v2\/categories?post=557"},{"taxonomy":"post_tag","embeddable":true,"href":"https:\/\/etab.ac-reunion.fr\/clg-raymond-verges\/wp-json\/wp\/v2\/tags?post=557"}],"curies":[{"name":"wp","href":"https:\/\/api.w.org\/{rel}","templated":true}]}}