{"id":564,"date":"2012-11-09T10:52:35","date_gmt":"2012-11-09T06:52:35","guid":{"rendered":"http:\/\/college-raymondverges-tmp.ac-reunion.fr\/?p=564"},"modified":"2013-10-02T11:04:36","modified_gmt":"2013-10-02T07:04:36","slug":"appel-a-candidature-representants-des-parents-au-conseil-de-classe-2012-2013","status":"publish","type":"post","link":"https:\/\/etab.ac-reunion.fr\/clg-raymond-verges\/2012\/11\/09\/appel-a-candidature-representants-des-parents-au-conseil-de-classe-2012-2013\/","title":{"rendered":"Appel \u00e0 candidature \u00ab\u00a0Repr\u00e9sentants des parents au conseil de classe\u00a0\u00bb 2012-2013"},"content":{"rendered":"<div>Bonjour,<\/div>\n<div><\/div>\n<div><span style=\"text-decoration: underline\">Le mot des parents d&rsquo;\u00e9l\u00e8ves: <\/span><\/div>\n<p>Les conseils de classe du premier trimestre approchent , les \u00be de ces conseils se feront sans repr\u00e9sentant de parents d&rsquo;\u00e9l\u00e8ves . C&rsquo;est dommage de ne pas prendre une place qui vous est offerte par la communaut\u00e9 \u00e9ducative pour s&rsquo;informer de ce qui se passe \u00e0 l&rsquo;int\u00e9rieur de la classe de votre enfant . C&rsquo;est ainsi que les classes de sixi\u00e8me 2\/3\/5\/6 et 7 , cinqui\u00e8me 4\/5\/6\/et 7 , quatri\u00e8me 2\/4et 7 , troisi\u00e8me 2\/4\/5\/6et 7 n&rsquo;ont pas de parent lors des conseils de classe .<\/p>\n<p>Il est encore temps de se pr\u00e9senter , il n&rsquo;est pas n\u00e9cessaire de faire partie d&rsquo;une association de parents d&rsquo;\u00e9l\u00e8ves ( PEEP ou FRAPE ) .<\/p>\n<p>Vous pouvez vous adresser au secr\u00e9tariat du Principal.Vous pouvez \u00e9galement contacter Nathalie Boissi\u00e8re , parent \u00e9lu au Conseil d&rsquo;administration et \u00e9galement r\u00e9pr\u00e9sentant de la classe 303 &#8211; T\u00e9l : 0262 22 10 52 &#8211; 0692 29 37 35\u00a0\u00a0&#8211; mail : plasse.frederic@wanadoo.fr ou Mme Claudie Pothin : membre du CA au<\/p>\n<p>0692\u00a0\u00a096 25 02\u00a0\u00a0\u00a0&#8211; mail : claudie.pothin@izi.re<\/p>\n<p>Les premiers conseils ont lieu le 15 novembre.<\/p>\n<p>Merci de votre collaboration,<\/p>\n<p>Les r\u00e9pr\u00e9sentantes FRAPE et PEEP.<\/p>\n","protected":false},"excerpt":{"rendered":"<p>Bonjour, Le mot des parents d&rsquo;\u00e9l\u00e8ves: Les conseils de classe du premier trimestre approchent , les \u00be de ces conseils se feront sans repr\u00e9sentant de parents d&rsquo;\u00e9l\u00e8ves . C&rsquo;est dommage de ne pas prendre une place qui vous est offerte par la communaut\u00e9 \u00e9ducative pour s&rsquo;informer de ce qui se &hellip;<\/p>\n","protected":false},"author":15,"featured_media":0,"comment_status":"closed","ping_status":"open","sticky":false,"template":"","format":"standard","meta":{"footnotes":""},"categories":[10],"tags":[],"class_list":["post-564","post","type-post","status-publish","format-standard","hentry","category-aux-familles"],"_links":{"self":[{"href":"https:\/\/etab.ac-reunion.fr\/clg-raymond-verges\/wp-json\/wp\/v2\/posts\/564","targetHints":{"allow":["GET"]}}],"collection":[{"href":"https:\/\/etab.ac-reunion.fr\/clg-raymond-verges\/wp-json\/wp\/v2\/posts"}],"about":[{"href":"https:\/\/etab.ac-reunion.fr\/clg-raymond-verges\/wp-json\/wp\/v2\/types\/post"}],"author":[{"embeddable":true,"href":"https:\/\/etab.ac-reunion.fr\/clg-raymond-verges\/wp-json\/wp\/v2\/users\/15"}],"replies":[{"embeddable":true,"href":"https:\/\/etab.ac-reunion.fr\/clg-raymond-verges\/wp-json\/wp\/v2\/comments?post=564"}],"version-history":[{"count":3,"href":"https:\/\/etab.ac-reunion.fr\/clg-raymond-verges\/wp-json\/wp\/v2\/posts\/564\/revisions"}],"predecessor-version":[{"id":566,"href":"https:\/\/etab.ac-reunion.fr\/clg-raymond-verges\/wp-json\/wp\/v2\/posts\/564\/revisions\/566"}],"wp:attachment":[{"href":"https:\/\/etab.ac-reunion.fr\/clg-raymond-verges\/wp-json\/wp\/v2\/media?parent=564"}],"wp:term":[{"taxonomy":"category","embeddable":true,"href":"https:\/\/etab.ac-reunion.fr\/clg-raymond-verges\/wp-json\/wp\/v2\/categories?post=564"},{"taxonomy":"post_tag","embeddable":true,"href":"https:\/\/etab.ac-reunion.fr\/clg-raymond-verges\/wp-json\/wp\/v2\/tags?post=564"}],"curies":[{"name":"wp","href":"https:\/\/api.w.org\/{rel}","templated":true}]}}