{"id":568,"date":"2010-09-02T11:04:51","date_gmt":"2010-09-02T07:04:51","guid":{"rendered":"http:\/\/college-raymondverges-tmp.ac-reunion.fr\/?p=568"},"modified":"2013-10-02T11:49:49","modified_gmt":"2013-10-02T07:49:49","slug":"elections-des-representants-parents-deleves-au-ca","status":"publish","type":"post","link":"https:\/\/etab.ac-reunion.fr\/clg-raymond-verges\/2010\/09\/02\/elections-des-representants-parents-deleves-au-ca\/","title":{"rendered":"Elections des repr\u00e9sentants parents d&rsquo;\u00e9l\u00e8ves au CA"},"content":{"rendered":"<p><a href=\"https:\/\/etab.ac-reunion.fr\/clg-raymond-verges\/wp-content\/uploads\/sites\/12\/2013\/10\/adobe_reader_mnemonic_50x50.jpg\"><img loading=\"lazy\" decoding=\"async\" class=\"alignnone size-full wp-image-569\" alt=\"adobe_reader_mnemonic_50x50\" src=\"https:\/\/etab.ac-reunion.fr\/clg-raymond-verges\/wp-content\/uploads\/sites\/12\/2013\/10\/adobe_reader_mnemonic_50x50.jpg\" width=\"50\" height=\"50\" \/><\/a><a title=\"Elections des parents : le mot de recteur\" href=\"http:\/\/college-raymondverges-tmp.ac-reunion.fr\/wp-content\/uploads\/sites\/12\/2013\/10\/electionsparents.pdf\" target=\"_blank\">Le mot du recteur<\/a><\/p>\n<p><a href=\"https:\/\/etab.ac-reunion.fr\/clg-raymond-verges\/wp-content\/uploads\/sites\/12\/2013\/10\/adobe_reader_mnemonic_50x50.jpg\"><img loading=\"lazy\" decoding=\"async\" class=\"alignnone size-full wp-image-569\" alt=\"adobe_reader_mnemonic_50x50\" src=\"https:\/\/etab.ac-reunion.fr\/clg-raymond-verges\/wp-content\/uploads\/sites\/12\/2013\/10\/adobe_reader_mnemonic_50x50.jpg\" width=\"50\" height=\"50\" \/><\/a><a title=\"Elections des parents : la proc\u00e9dure\" href=\"http:\/\/college-raymondverges-tmp.ac-reunion.fr\/wp-content\/uploads\/sites\/12\/2013\/10\/electionsparents1.pdf\" target=\"_blank\">La proc\u00e9dure<\/a><\/p>\n","protected":false},"excerpt":{"rendered":"<p>Le mot du recteur La proc\u00e9dure<\/p>\n","protected":false},"author":15,"featured_media":0,"comment_status":"closed","ping_status":"open","sticky":false,"template":"","format":"standard","meta":{"footnotes":""},"categories":[10],"tags":[],"class_list":["post-568","post","type-post","status-publish","format-standard","hentry","category-aux-familles"],"_links":{"self":[{"href":"https:\/\/etab.ac-reunion.fr\/clg-raymond-verges\/wp-json\/wp\/v2\/posts\/568","targetHints":{"allow":["GET"]}}],"collection":[{"href":"https:\/\/etab.ac-reunion.fr\/clg-raymond-verges\/wp-json\/wp\/v2\/posts"}],"about":[{"href":"https:\/\/etab.ac-reunion.fr\/clg-raymond-verges\/wp-json\/wp\/v2\/types\/post"}],"author":[{"embeddable":true,"href":"https:\/\/etab.ac-reunion.fr\/clg-raymond-verges\/wp-json\/wp\/v2\/users\/15"}],"replies":[{"embeddable":true,"href":"https:\/\/etab.ac-reunion.fr\/clg-raymond-verges\/wp-json\/wp\/v2\/comments?post=568"}],"version-history":[{"count":5,"href":"https:\/\/etab.ac-reunion.fr\/clg-raymond-verges\/wp-json\/wp\/v2\/posts\/568\/revisions"}],"predecessor-version":[{"id":576,"href":"https:\/\/etab.ac-reunion.fr\/clg-raymond-verges\/wp-json\/wp\/v2\/posts\/568\/revisions\/576"}],"wp:attachment":[{"href":"https:\/\/etab.ac-reunion.fr\/clg-raymond-verges\/wp-json\/wp\/v2\/media?parent=568"}],"wp:term":[{"taxonomy":"category","embeddable":true,"href":"https:\/\/etab.ac-reunion.fr\/clg-raymond-verges\/wp-json\/wp\/v2\/categories?post=568"},{"taxonomy":"post_tag","embeddable":true,"href":"https:\/\/etab.ac-reunion.fr\/clg-raymond-verges\/wp-json\/wp\/v2\/tags?post=568"}],"curies":[{"name":"wp","href":"https:\/\/api.w.org\/{rel}","templated":true}]}}