{"id":595,"date":"2013-10-02T16:23:15","date_gmt":"2013-10-02T12:23:15","guid":{"rendered":"http:\/\/college-raymondverges-tmp.ac-reunion.fr\/?p=595"},"modified":"2013-10-03T16:40:01","modified_gmt":"2013-10-03T12:40:01","slug":"un-atelier-de-photos-pour-les-enfants-durant-les-vacances-doctobre-conservatoire-botanique-de-mascarin","status":"publish","type":"post","link":"https:\/\/etab.ac-reunion.fr\/clg-raymond-verges\/2013\/10\/02\/un-atelier-de-photos-pour-les-enfants-durant-les-vacances-doctobre-conservatoire-botanique-de-mascarin\/","title":{"rendered":"Un atelier de photos au Conservatoire Botanique de Mascarin"},"content":{"rendered":"<p><a href=\"https:\/\/etab.ac-reunion.fr\/clg-raymond-verges\/wp-content\/uploads\/sites\/12\/2013\/10\/03-Atelier-photo-affiche-janvier-e1380716911705.jpg\"><img loading=\"lazy\" decoding=\"async\" class=\"alignnone size-medium wp-image-599\" alt=\"03-Atelier photo affiche janvier\" src=\"https:\/\/etab.ac-reunion.fr\/clg-raymond-verges\/wp-content\/uploads\/sites\/12\/2013\/10\/03-Atelier-photo-affiche-janvier-300x175.jpg\" width=\"300\" height=\"175\" \/><\/a><\/p>\n<p>Durant les vacances scolaires d\u2019octobre, le Conservatoire Botanique de Mascarin accueillera\u00a0 un nouveau stage de photo pour les enfants sous la direction de l\u2019artiste Thomas GIRAUD. N\u2019h\u00e9sitez pas \u00e0 regarder les pr\u00e9c\u00e9dentes r\u00e9alisations sur son blog :<\/p>\n<p><a href=\"http:\/\/blackbook974.canalblog.com\/\" target=\"1\">http:\/\/blackbook974.canalblog.com<\/a><br \/>\n<a href=\"http:\/\/lepoulailler974.canalblog.com\/\" target=\"1\">http:\/\/lepoulailler974.canalblog.com<\/a><\/p>\n<p>Pour nos marmailles, une belle exp\u00e9rience \u00e0 vivre au c\u0153ur des collections v\u00e9g\u00e9tales du Conservatoire Botanique\u00a0!<\/p>\n<p>Les inscriptions se font aupr\u00e8s de l\u2019artiste, mais attention le nombre de place est limit\u00e9.<\/p>\n<p><a href=\"https:\/\/etab.ac-reunion.fr\/clg-raymond-verges\/wp-content\/uploads\/sites\/12\/2013\/10\/Atelier-photo-Marmaille-5-Jours.pdf\">Atelier photo Marmaille &#8211; 5 Jours<\/a><\/p>\n<p>Pour plus de renseignements :<\/p>\n<p><b>Monique PATERNOSTER Assistante du directeur &#8211; Charg\u00e9e de mission CPIE Conservatoire Botanique National de Mascarin<\/b><\/p>\n<p><b>Centre Permanent d&rsquo;Initiatives pour l&rsquo;Environnement<\/b><\/p>\n<p>2, rue du P\u00e8re Georges, Les Colima\u00e7ons<\/p>\n<p>97436 Saint-Leu, La R\u00e9union, FRANCE<\/p>\n<p>Tel : +262 (0) 262 24 92 27<\/p>\n<p>Fax\u00a0:\u00a0+262 (0) 262 24 85 63<\/p>\n<p>Mel : mpaternoster@cbnm.org<\/p>\n<p>Site: <a href=\"http:\/\/www.cbnm.org\/\" target=\"1\">http:\/\/www.cbnm.org<\/a><\/p>\n<p>Index de la flore: <a href=\"http:\/\/flore.cbnm.org\/\" target=\"1\">http:\/\/flore.cbnm.org<\/a><\/p>\n","protected":false},"excerpt":{"rendered":"<p>Durant les vacances scolaires d\u2019octobre, le Conservatoire Botanique de Mascarin accueillera\u00a0 un nouveau stage de photo pour les enfants sous la direction de l\u2019artiste Thomas GIRAUD. N\u2019h\u00e9sitez pas \u00e0 regarder les pr\u00e9c\u00e9dentes r\u00e9alisations sur son blog : http:\/\/blackbook974.canalblog.com http:\/\/lepoulailler974.canalblog.com Pour nos marmailles, une belle exp\u00e9rience \u00e0 vivre au c\u0153ur des &hellip;<\/p>\n","protected":false},"author":15,"featured_media":0,"comment_status":"closed","ping_status":"open","sticky":false,"template":"","format":"standard","meta":{"footnotes":""},"categories":[3],"tags":[],"class_list":["post-595","post","type-post","status-publish","format-standard","hentry","category-info-culturelle"],"_links":{"self":[{"href":"https:\/\/etab.ac-reunion.fr\/clg-raymond-verges\/wp-json\/wp\/v2\/posts\/595","targetHints":{"allow":["GET"]}}],"collection":[{"href":"https:\/\/etab.ac-reunion.fr\/clg-raymond-verges\/wp-json\/wp\/v2\/posts"}],"about":[{"href":"https:\/\/etab.ac-reunion.fr\/clg-raymond-verges\/wp-json\/wp\/v2\/types\/post"}],"author":[{"embeddable":true,"href":"https:\/\/etab.ac-reunion.fr\/clg-raymond-verges\/wp-json\/wp\/v2\/users\/15"}],"replies":[{"embeddable":true,"href":"https:\/\/etab.ac-reunion.fr\/clg-raymond-verges\/wp-json\/wp\/v2\/comments?post=595"}],"version-history":[{"count":8,"href":"https:\/\/etab.ac-reunion.fr\/clg-raymond-verges\/wp-json\/wp\/v2\/posts\/595\/revisions"}],"predecessor-version":[{"id":612,"href":"https:\/\/etab.ac-reunion.fr\/clg-raymond-verges\/wp-json\/wp\/v2\/posts\/595\/revisions\/612"}],"wp:attachment":[{"href":"https:\/\/etab.ac-reunion.fr\/clg-raymond-verges\/wp-json\/wp\/v2\/media?parent=595"}],"wp:term":[{"taxonomy":"category","embeddable":true,"href":"https:\/\/etab.ac-reunion.fr\/clg-raymond-verges\/wp-json\/wp\/v2\/categories?post=595"},{"taxonomy":"post_tag","embeddable":true,"href":"https:\/\/etab.ac-reunion.fr\/clg-raymond-verges\/wp-json\/wp\/v2\/tags?post=595"}],"curies":[{"name":"wp","href":"https:\/\/api.w.org\/{rel}","templated":true}]}}