{"id":643,"date":"2013-10-22T22:32:07","date_gmt":"2013-10-22T18:32:07","guid":{"rendered":"http:\/\/college-raymondverges-tmp.ac-reunion.fr\/?p=643"},"modified":"2013-10-22T23:41:45","modified_gmt":"2013-10-22T19:41:45","slug":"journee-5-sur-5","status":"publish","type":"post","link":"https:\/\/etab.ac-reunion.fr\/clg-raymond-verges\/2013\/10\/22\/journee-5-sur-5\/","title":{"rendered":"Journ\u00e9e 5 sur 5 !"},"content":{"rendered":"<p lang=\"zxx\"><a href=\"https:\/\/etab.ac-reunion.fr\/clg-raymond-verges\/wp-content\/uploads\/sites\/12\/2013\/10\/5fruits.png\"><img loading=\"lazy\" decoding=\"async\" class=\"size-medium wp-image-645 alignleft\" alt=\"5fruits\" src=\"https:\/\/etab.ac-reunion.fr\/clg-raymond-verges\/wp-content\/uploads\/sites\/12\/2013\/10\/5fruits-300x110.png\" width=\"300\" height=\"110\" srcset=\"https:\/\/etab.ac-reunion.fr\/clg-raymond-verges\/wp-content\/uploads\/sites\/12\/2013\/10\/5fruits-300x110.png 300w, https:\/\/etab.ac-reunion.fr\/clg-raymond-verges\/wp-content\/uploads\/sites\/12\/2013\/10\/5fruits.png 956w\" sizes=\"auto, (max-width: 300px) 100vw, 300px\" \/><\/a>Mercredi 02 octobre, chaque \u00e9l\u00e8ve de 6\u00e8 a rapport\u00e9 un fruit de son choix au coll\u00e8ge et l&rsquo;a d\u00e9pos\u00e9 \u00e0 la cantine d\u00e8s son arriv\u00e9e \u00e0 08h00.<\/p>\n<p lang=\"zxx\">Une premi\u00e8re \u00e9quipe de 20 \u00e9l\u00e8ves puis une deuxi\u00e8me \u00e9quipe de 14 \u00e9l\u00e8ves ont particip\u00e9 \u00e0 diff\u00e9rents ateliers : hygi\u00e8ne et s\u00e9curit\u00e9 en cuisine (lavage des mains, utilisation de couteaux, hygi\u00e8ne du mat\u00e9riel utilis\u00e9,&#8230;), d\u00e9coupe des fruits et pr\u00e9paration des fruits en coupelles.<\/p>\n<p lang=\"zxx\">A la r\u00e9cr\u00e9ation de 10h, tous les \u00e9l\u00e8ves de 6\u00e8 (demi pensionnaires ou non) ont \u00e9t\u00e9 invit\u00e9s \u00e0 d\u00e9guster ces fruits \u00e0 la cantine.<\/p>\n<p lang=\"zxx\">Le professeur de SVT, Mme BRENNUS a particip\u00e9 en donnant des informations aux \u00e9l\u00e8ves et va continuer \u00e0 travailler avec eux sur la nutrition. Pendant l&rsquo;activit\u00e9, Mme PAQUET, enseignante de la classe d&rsquo;ULIS, est venue participer en encadrant et conseillant les \u00e9l\u00e8ves. Le r\u00e9f\u00e9rent cuisine, M. SAARTAVE, a contribu\u00e9 au bon d\u00e9roulement des activit\u00e9s dans le r\u00e9fectoire en nous apportant aide et conseils tout au long de l&rsquo;activit\u00e9.<\/p>\n<p lang=\"zxx\">Par cette action, les \u00e9l\u00e8ves ont pris une part active dans les choix qu&rsquo;ils font pour eux m\u00eame en mati\u00e8re de nutrition. Etre acteur de sa consommation plut\u00f4t que simple consommateur permet d&rsquo;apprendre \u00e0 faire des choix.<\/p>\n<p lang=\"zxx\">Les familles ont \u00e9galement \u00e9t\u00e9 sensibilis\u00e9es et nous les remercions de leur participation.<\/p>\n<p lang=\"zxx\">Merci \u00e0 tous pour votre participation!<a href=\"https:\/\/etab.ac-reunion.fr\/clg-raymond-verges\/wp-content\/uploads\/sites\/12\/2013\/10\/5fruitscampagne.jpg\"><img loading=\"lazy\" decoding=\"async\" class=\"size-medium wp-image-646 alignright\" alt=\"5fruitscampagne\" src=\"https:\/\/etab.ac-reunion.fr\/clg-raymond-verges\/wp-content\/uploads\/sites\/12\/2013\/10\/5fruitscampagne-300x208.jpg\" width=\"300\" height=\"208\" srcset=\"https:\/\/etab.ac-reunion.fr\/clg-raymond-verges\/wp-content\/uploads\/sites\/12\/2013\/10\/5fruitscampagne-300x208.jpg 300w, https:\/\/etab.ac-reunion.fr\/clg-raymond-verges\/wp-content\/uploads\/sites\/12\/2013\/10\/5fruitscampagne.jpg 542w\" sizes=\"auto, (max-width: 300px) 100vw, 300px\" \/><\/a><\/p>\n<p lang=\"zxx\">Une prochaine action aura bient\u00f4t lieu \u00e0 nouveau au sein du coll\u00e8ge.<\/p>\n<p lang=\"zxx\">A suivre&#8230;<\/p>\n<p lang=\"zxx\">Pour en savoir plus : <a href=\"https:\/\/etab.ac-reunion.fr\/clg-raymond-verges\/wp-content\/uploads\/sites\/12\/2013\/10\/charte_5Fruits-5Legumes-13-14.pdf\">charte_5Fruits 5Legumes 13-14<\/a><\/p>\n","protected":false},"excerpt":{"rendered":"<p>Mercredi 02 octobre, chaque \u00e9l\u00e8ve de 6\u00e8 a rapport\u00e9 un fruit de son choix au coll\u00e8ge et l&rsquo;a d\u00e9pos\u00e9 \u00e0 la cantine d\u00e8s son arriv\u00e9e \u00e0 08h00. Une premi\u00e8re \u00e9quipe de 20 \u00e9l\u00e8ves puis une deuxi\u00e8me \u00e9quipe de 14 \u00e9l\u00e8ves ont particip\u00e9 \u00e0 diff\u00e9rents ateliers : hygi\u00e8ne et s\u00e9curit\u00e9 en &hellip;<\/p>\n","protected":false},"author":167,"featured_media":0,"comment_status":"closed","ping_status":"open","sticky":false,"template":"","format":"standard","meta":{"footnotes":""},"categories":[1],"tags":[27],"class_list":["post-643","post","type-post","status-publish","format-standard","hentry","category-vie-de-letablissement","tag-cesce"],"_links":{"self":[{"href":"https:\/\/etab.ac-reunion.fr\/clg-raymond-verges\/wp-json\/wp\/v2\/posts\/643","targetHints":{"allow":["GET"]}}],"collection":[{"href":"https:\/\/etab.ac-reunion.fr\/clg-raymond-verges\/wp-json\/wp\/v2\/posts"}],"about":[{"href":"https:\/\/etab.ac-reunion.fr\/clg-raymond-verges\/wp-json\/wp\/v2\/types\/post"}],"author":[{"embeddable":true,"href":"https:\/\/etab.ac-reunion.fr\/clg-raymond-verges\/wp-json\/wp\/v2\/users\/167"}],"replies":[{"embeddable":true,"href":"https:\/\/etab.ac-reunion.fr\/clg-raymond-verges\/wp-json\/wp\/v2\/comments?post=643"}],"version-history":[{"count":6,"href":"https:\/\/etab.ac-reunion.fr\/clg-raymond-verges\/wp-json\/wp\/v2\/posts\/643\/revisions"}],"predecessor-version":[{"id":652,"href":"https:\/\/etab.ac-reunion.fr\/clg-raymond-verges\/wp-json\/wp\/v2\/posts\/643\/revisions\/652"}],"wp:attachment":[{"href":"https:\/\/etab.ac-reunion.fr\/clg-raymond-verges\/wp-json\/wp\/v2\/media?parent=643"}],"wp:term":[{"taxonomy":"category","embeddable":true,"href":"https:\/\/etab.ac-reunion.fr\/clg-raymond-verges\/wp-json\/wp\/v2\/categories?post=643"},{"taxonomy":"post_tag","embeddable":true,"href":"https:\/\/etab.ac-reunion.fr\/clg-raymond-verges\/wp-json\/wp\/v2\/tags?post=643"}],"curies":[{"name":"wp","href":"https:\/\/api.w.org\/{rel}","templated":true}]}}