{"id":704,"date":"2013-12-04T17:20:43","date_gmt":"2013-12-04T13:20:43","guid":{"rendered":"http:\/\/college-raymondverges-tmp.ac-reunion.fr\/?p=704"},"modified":"2013-12-09T18:13:33","modified_gmt":"2013-12-09T14:13:33","slug":"journee-5-sur-5-un-pari-reussi-pour-les-5eme","status":"publish","type":"post","link":"https:\/\/etab.ac-reunion.fr\/clg-raymond-verges\/2013\/12\/04\/journee-5-sur-5-un-pari-reussi-pour-les-5eme\/","title":{"rendered":"Deuxi\u00e8me journ\u00e9e 5 sur 5 : les \u00e9l\u00e8ves de 5\u00e8me participent aussi !"},"content":{"rendered":"<p style=\"text-align: left\">Mardi 12 novembre 2013, les 170 \u00e9l\u00e8ves de 5\u00e8 ont \u00e9t\u00e9 invit\u00e9s \u00e0 rapporter un fruit et un l\u00e9gume de leur choix au coll\u00e8ge et \u00e0 les d\u00e9poser \u00e0 la cantine.<a href=\"https:\/\/etab.ac-reunion.fr\/clg-raymond-verges\/wp-content\/uploads\/sites\/12\/2013\/12\/5s5plateaudefruits.jpg\"><img loading=\"lazy\" decoding=\"async\" class=\" wp-image-708 alignleft\" alt=\"5s5plateaudefruits\" src=\"https:\/\/etab.ac-reunion.fr\/clg-raymond-verges\/wp-content\/uploads\/sites\/12\/2013\/12\/5s5plateaudefruits.jpg\" width=\"270\" height=\"360\" srcset=\"https:\/\/etab.ac-reunion.fr\/clg-raymond-verges\/wp-content\/uploads\/sites\/12\/2013\/12\/5s5plateaudefruits.jpg 450w, https:\/\/etab.ac-reunion.fr\/clg-raymond-verges\/wp-content\/uploads\/sites\/12\/2013\/12\/5s5plateaudefruits-225x300.jpg 225w\" sizes=\"auto, (max-width: 270px) 100vw, 270px\" \/><\/a><\/p>\n<p>Le lendemain, deux \u00e9quipes de 10 \u00e9l\u00e8ves ont particip\u00e9 \u00e0 diff\u00e9rents ateliers : hygi\u00e8ne et s\u00e9curit\u00e9 en cuisine (lavage des mains, utilisation de couteaux, hygi\u00e8ne du mat\u00e9riel utilis\u00e9,\u2026), puis \u00e9pluchage et d\u00e9coupe des fruits et l\u00e9gumes en vue de pr\u00e9parer des jus.<a href=\"https:\/\/etab.ac-reunion.fr\/clg-raymond-verges\/wp-content\/uploads\/sites\/12\/2013\/12\/5s5debus-e1386162193647.jpg\"><img loading=\"lazy\" decoding=\"async\" class=\" wp-image-705 alignright\" alt=\"5s5debus\" src=\"https:\/\/etab.ac-reunion.fr\/clg-raymond-verges\/wp-content\/uploads\/sites\/12\/2013\/12\/5s5debus-e1386162193647.jpg\" width=\"247\" height=\"185\" \/><\/a><\/p>\n<p>Lors de ces pr\u00e9paratifs, M. DEBUS, professeur de SVT et ses \u00e9l\u00e8ves de la classe de 505 sont venus observer les ateliers. Ils ont \u00e9galement pu s&rsquo;appuyer sur une exposition sur les fruits et l\u00e9gumes pour illustrer son cours.<\/p>\n<p>A la r\u00e9cr\u00e9ation de 10h, tous les \u00e9l\u00e8ves de 5\u00e8 (demi pensionnaires ou non) sont venus go\u00fbter (et d\u00e9guster, pour certains) les jus pr\u00e9par\u00e9s.<\/p>\n<p>Un quizz sur le contenu des jus (\u00ab\u00a0quels fruits et\/ou quels l\u00e9gumes contient-il?\u00a0\u00bb) a \u00e9t\u00e9 rempli par chaque \u00e9l\u00e8ve pour tester leurs connaissances et leurs exp\u00e9riences gustatives \u00e0 la fin de la d\u00e9couverte.<\/p>\n<p style=\"text-align: left\">Un tirage au sort parmi les bonnes r\u00e9ponses a permis \u00e0 l&rsquo;\u00e9l\u00e8ve CRESCENCE Audrey de 505 de recevoir une corbeille de fruits qui lui a \u00e9t\u00e9 remise \u00e0 la r\u00e9cr\u00e9ation du mercredi suivant..<\/p>\n<p style=\"text-align: left\">Les professeurs de SVT, Mme. ARRIGHI, Mme. BRENNUS et M. DEBUS ont apport\u00e9 des enseignements \u00e0 leurs \u00e9l\u00e8ves de 5\u00e8 sur la nutrition et l&rsquo;\u00e9quilibre alimentaire.<a href=\"https:\/\/etab.ac-reunion.fr\/clg-raymond-verges\/wp-content\/uploads\/sites\/12\/2013\/12\/5s5d\u00e9gustationdefruits.jpg\"><img loading=\"lazy\" decoding=\"async\" class=\"wp-image-706 alignright\" alt=\"5s5d\u00e9gustationdefruits\" src=\"https:\/\/etab.ac-reunion.fr\/clg-raymond-verges\/wp-content\/uploads\/sites\/12\/2013\/12\/5s5d\u00e9gustationdefruits.jpg\" width=\"173\" height=\"130\" srcset=\"https:\/\/etab.ac-reunion.fr\/clg-raymond-verges\/wp-content\/uploads\/sites\/12\/2013\/12\/5s5d\u00e9gustationdefruits.jpg 800w, https:\/\/etab.ac-reunion.fr\/clg-raymond-verges\/wp-content\/uploads\/sites\/12\/2013\/12\/5s5d\u00e9gustationdefruits-300x225.jpg 300w\" sizes=\"auto, (max-width: 173px) 100vw, 173px\" \/><\/a><\/p>\n<p><a href=\"https:\/\/etab.ac-reunion.fr\/clg-raymond-verges\/wp-content\/uploads\/sites\/12\/2013\/12\/5s5quiz1-e1386162984202.jpg\"><img loading=\"lazy\" decoding=\"async\" class=\"wp-image-711 alignleft\" alt=\"5s5quiz\" src=\"https:\/\/etab.ac-reunion.fr\/clg-raymond-verges\/wp-content\/uploads\/sites\/12\/2013\/12\/5s5quiz1-e1386162984202.jpg\" width=\"230\" height=\"173\" \/><\/a>Pendant l\u2019activit\u00e9, nous avons \u00e0 nouveau pu compter sur la pr\u00e9sence et la participation active de Mme PAQUET, enseignante de la classe d\u2019ULIS, pour encadrer, conseiller les \u00e9l\u00e8ves et pour la confection des jus.<\/p>\n<p>Nous remercions \u00e9galement notre r\u00e9f\u00e9rent cuisine, M. SAARTAVE et son \u00e9quipe, qui ont \u00e0 nouveau contribu\u00e9 au bon d\u00e9roulement des activit\u00e9s dans le r\u00e9fectoire en nous apportant leur aide et leurs conseils tout au long de l\u2019activit\u00e9.<\/p>\n<p>Nous esp\u00e9rons, par cette activit\u00e9, que les \u00e9l\u00e8ves parviennent \u00e0 faire des choix \u00e9clair\u00e9s en mati\u00e8re de nutrition.<\/p>\n<p>Donner du plaisir \u00e0 d\u00e9couvrir, \u00e0 go\u00fbter des fruits et des l\u00e9gumes et \u00e0 en (re)d\u00e9couvrir les vertus peut contribuer \u00e0 leur donner un nouveau regard sur leurs habitudes alimentaires.<a href=\"https:\/\/etab.ac-reunion.fr\/clg-raymond-verges\/wp-content\/uploads\/sites\/12\/2013\/12\/5s5jus.jpg\"><img loading=\"lazy\" decoding=\"async\" class=\"wp-image-707 alignleft\" alt=\"5s5jus\" src=\"https:\/\/etab.ac-reunion.fr\/clg-raymond-verges\/wp-content\/uploads\/sites\/12\/2013\/12\/5s5jus.jpg\" width=\"230\" height=\"173\" srcset=\"https:\/\/etab.ac-reunion.fr\/clg-raymond-verges\/wp-content\/uploads\/sites\/12\/2013\/12\/5s5jus.jpg 800w, https:\/\/etab.ac-reunion.fr\/clg-raymond-verges\/wp-content\/uploads\/sites\/12\/2013\/12\/5s5jus-300x225.jpg 300w\" sizes=\"auto, (max-width: 230px) 100vw, 230px\" \/><\/a><\/p>\n<p>Nous remercions encore les familles pour leur soutien par leur participation.<\/p>\n<p>Une prochaine action aura lieu le jeudi 13 f\u00e9vrier pour les 4\u00e8 au sein du coll\u00e8ge.<\/p>\n<p>A suivre&#8230;<\/p>\n<p>(Action propos\u00e9e par l&rsquo;IREPS repr\u00e9sent\u00e9e par Mme. MADE, charg\u00e9e de projet et coordonn\u00e9e au sein du coll\u00e8ge par Le Principal, M. POSE et l&rsquo;infirmi\u00e8re, Mlle. HOELLINGER.).<\/p>\n","protected":false},"excerpt":{"rendered":"<p>Mardi 12 novembre 2013, les 170 \u00e9l\u00e8ves de 5\u00e8 ont \u00e9t\u00e9 invit\u00e9s \u00e0 rapporter un fruit et un l\u00e9gume de leur choix au coll\u00e8ge et \u00e0 les d\u00e9poser \u00e0 la cantine. Le lendemain, deux \u00e9quipes de 10 \u00e9l\u00e8ves ont particip\u00e9 \u00e0 diff\u00e9rents ateliers : hygi\u00e8ne et s\u00e9curit\u00e9 en cuisine (lavage &hellip;<\/p>\n","protected":false},"author":167,"featured_media":0,"comment_status":"closed","ping_status":"open","sticky":false,"template":"","format":"standard","meta":{"footnotes":""},"categories":[1],"tags":[27],"class_list":["post-704","post","type-post","status-publish","format-standard","hentry","category-vie-de-letablissement","tag-cesce"],"_links":{"self":[{"href":"https:\/\/etab.ac-reunion.fr\/clg-raymond-verges\/wp-json\/wp\/v2\/posts\/704","targetHints":{"allow":["GET"]}}],"collection":[{"href":"https:\/\/etab.ac-reunion.fr\/clg-raymond-verges\/wp-json\/wp\/v2\/posts"}],"about":[{"href":"https:\/\/etab.ac-reunion.fr\/clg-raymond-verges\/wp-json\/wp\/v2\/types\/post"}],"author":[{"embeddable":true,"href":"https:\/\/etab.ac-reunion.fr\/clg-raymond-verges\/wp-json\/wp\/v2\/users\/167"}],"replies":[{"embeddable":true,"href":"https:\/\/etab.ac-reunion.fr\/clg-raymond-verges\/wp-json\/wp\/v2\/comments?post=704"}],"version-history":[{"count":8,"href":"https:\/\/etab.ac-reunion.fr\/clg-raymond-verges\/wp-json\/wp\/v2\/posts\/704\/revisions"}],"predecessor-version":[{"id":718,"href":"https:\/\/etab.ac-reunion.fr\/clg-raymond-verges\/wp-json\/wp\/v2\/posts\/704\/revisions\/718"}],"wp:attachment":[{"href":"https:\/\/etab.ac-reunion.fr\/clg-raymond-verges\/wp-json\/wp\/v2\/media?parent=704"}],"wp:term":[{"taxonomy":"category","embeddable":true,"href":"https:\/\/etab.ac-reunion.fr\/clg-raymond-verges\/wp-json\/wp\/v2\/categories?post=704"},{"taxonomy":"post_tag","embeddable":true,"href":"https:\/\/etab.ac-reunion.fr\/clg-raymond-verges\/wp-json\/wp\/v2\/tags?post=704"}],"curies":[{"name":"wp","href":"https:\/\/api.w.org\/{rel}","templated":true}]}}