{"id":750,"date":"2014-03-04T17:50:32","date_gmt":"2014-03-04T13:50:32","guid":{"rendered":"http:\/\/college-raymondverges.ac-reunion.fr\/?p=750"},"modified":"2014-03-05T11:53:17","modified_gmt":"2014-03-05T07:53:17","slug":"imagine-toi-au-teat","status":"publish","type":"post","link":"https:\/\/etab.ac-reunion.fr\/clg-raymond-verges\/2014\/03\/04\/imagine-toi-au-teat\/","title":{"rendered":"\u00ab\u00a0Imagine Toi\u00a0\u00bb au TEAT ! du 1er au 7 mars 2014"},"content":{"rendered":"<p><img loading=\"lazy\" decoding=\"async\" class=\"alignright  wp-image-762\" alt=\"imaginetoi9801\" src=\"https:\/\/etab.ac-reunion.fr\/clg-raymond-verges\/wp-content\/uploads\/sites\/12\/2014\/03\/imaginetoi9801.jpg\" width=\"254\" height=\"170\" srcset=\"https:\/\/etab.ac-reunion.fr\/clg-raymond-verges\/wp-content\/uploads\/sites\/12\/2014\/03\/imaginetoi9801.jpg 980w, https:\/\/etab.ac-reunion.fr\/clg-raymond-verges\/wp-content\/uploads\/sites\/12\/2014\/03\/imaginetoi9801-300x200.jpg 300w, https:\/\/etab.ac-reunion.fr\/clg-raymond-verges\/wp-content\/uploads\/sites\/12\/2014\/03\/imaginetoi9801-140x94.jpg 140w\" sizes=\"auto, (max-width: 254px) 100vw, 254px\" \/><\/p>\n<p>Pour le souvenir, un petit aper\u00e7u ce ce moment formidable, pass\u00e9 en compagnie de <strong>Julien Cottereau<\/strong> au TEAT Champ Fleuri, avec <strong>les \u00e9l\u00e8ves de 602, de 607 et de l&rsquo;Ulis<\/strong> de notre coll\u00e8ge ce mardi 04 Mars apr\u00e8s-midi&#8230; (Projet \u00ab\u00a0Cycle Danse\u00a0\u00bb et expression corporelle, sous l&rsquo;impulsion de M. Pinana, avec la complicit\u00e9 de Mme Paquet, de Mme Daupiard et\u00a0de Mme Florenty)<\/p>\n<p>Que du bonheur !<\/p>\n<p>&nbsp;<\/p>\n<p>Pour en savoir + :\u00a0<a href=\"http:\/\/www.theatreunion.re\/totototal\/fiche.php?num=6\" target=\"_blank\">http:\/\/www.theatreunion.re\/totototal\/fiche.php?num=6<\/a><\/p>\n","protected":false},"excerpt":{"rendered":"<p>Pour le souvenir, un petit aper\u00e7u ce ce moment formidable, pass\u00e9 en compagnie de Julien Cottereau au TEAT Champ Fleuri, avec les \u00e9l\u00e8ves de 602, de 607 et de l&rsquo;Ulis de notre coll\u00e8ge ce mardi 04 Mars apr\u00e8s-midi&#8230; (Projet \u00ab\u00a0Cycle Danse\u00a0\u00bb et expression corporelle, sous l&rsquo;impulsion de M. Pinana, avec &hellip;<\/p>\n","protected":false},"author":15,"featured_media":0,"comment_status":"closed","ping_status":"open","sticky":false,"template":"","format":"standard","meta":{"footnotes":""},"categories":[3],"tags":[],"class_list":["post-750","post","type-post","status-publish","format-standard","hentry","category-info-culturelle"],"_links":{"self":[{"href":"https:\/\/etab.ac-reunion.fr\/clg-raymond-verges\/wp-json\/wp\/v2\/posts\/750","targetHints":{"allow":["GET"]}}],"collection":[{"href":"https:\/\/etab.ac-reunion.fr\/clg-raymond-verges\/wp-json\/wp\/v2\/posts"}],"about":[{"href":"https:\/\/etab.ac-reunion.fr\/clg-raymond-verges\/wp-json\/wp\/v2\/types\/post"}],"author":[{"embeddable":true,"href":"https:\/\/etab.ac-reunion.fr\/clg-raymond-verges\/wp-json\/wp\/v2\/users\/15"}],"replies":[{"embeddable":true,"href":"https:\/\/etab.ac-reunion.fr\/clg-raymond-verges\/wp-json\/wp\/v2\/comments?post=750"}],"version-history":[{"count":17,"href":"https:\/\/etab.ac-reunion.fr\/clg-raymond-verges\/wp-json\/wp\/v2\/posts\/750\/revisions"}],"predecessor-version":[{"id":768,"href":"https:\/\/etab.ac-reunion.fr\/clg-raymond-verges\/wp-json\/wp\/v2\/posts\/750\/revisions\/768"}],"wp:attachment":[{"href":"https:\/\/etab.ac-reunion.fr\/clg-raymond-verges\/wp-json\/wp\/v2\/media?parent=750"}],"wp:term":[{"taxonomy":"category","embeddable":true,"href":"https:\/\/etab.ac-reunion.fr\/clg-raymond-verges\/wp-json\/wp\/v2\/categories?post=750"},{"taxonomy":"post_tag","embeddable":true,"href":"https:\/\/etab.ac-reunion.fr\/clg-raymond-verges\/wp-json\/wp\/v2\/tags?post=750"}],"curies":[{"name":"wp","href":"https:\/\/api.w.org\/{rel}","templated":true}]}}