{"id":773,"date":"2014-04-29T18:49:31","date_gmt":"2014-04-29T14:49:31","guid":{"rendered":"http:\/\/college-raymondverges.ac-reunion.fr\/?p=773"},"modified":"2014-04-29T18:53:33","modified_gmt":"2014-04-29T14:53:33","slug":"aide-aux-revisions-en-mathematiques-brevet-des-colleges-2014","status":"publish","type":"post","link":"https:\/\/etab.ac-reunion.fr\/clg-raymond-verges\/2014\/04\/29\/aide-aux-revisions-en-mathematiques-brevet-des-colleges-2014\/","title":{"rendered":"Aide aux r\u00e9visions en Math\u00e9matiques &#8211; Brevet des coll\u00e8ges"},"content":{"rendered":"<p>Dans le cadre de la pr\u00e9paration aux \u00e9preuves du Brevet des coll\u00e8ges 2014, le coll\u00e8ge organise des s\u00e9ances de r\u00e9vision, du <span style=\"text-decoration: underline\"><b>mardi 20 mai au vendredi 20 juin<\/b><\/span>.<\/p>\n<p>Les \u00e9l\u00e8ves qui souhaitent b\u00e9n\u00e9ficier de cette aide doivent imp\u00e9rativement se faire conna\u00eetre \u00e0 l&rsquo;accueil, pour <span style=\"text-decoration: underline\">s&rsquo;inscrire \u00e0 telle ou telle s\u00e9ance<\/span>.<\/p>\n<p>Attention\u00a0: les places sont limit\u00e9es \u00e0 12 \u00e9l\u00e8ves maximum par s\u00e9ance.<\/p>\n<h1><\/h1>\n<h1><strong>Programme propos\u00e9 :<\/strong><\/h1>\n<p><span style=\"color: #800080\"><strong>\u00a0LUNDI 12H45-13H40 en SALLE 25<\/strong><\/span><\/p>\n<p>&#8211; Fonctions<\/p>\n<p>&#8211; G\u00e9om\u00e9trie (Pythagore, Thal\u00e8s,&#8230;)<\/p>\n<p>&#8211; PGCD<\/p>\n<p><span style=\"color: #800080\"><strong>MARDI 12H45 \u2013 13H40 en SALLE 27<\/strong><\/span><\/p>\n<p>&#8211; Calculs num\u00e9riques (fractions, relatifs, puissances, racines carr\u00e9es,&#8230;)<\/p>\n<p>&#8211; Calcul litt\u00e9ral (d\u00e9veloppements, factorisations, \u00e9quations,&#8230;.)<\/p>\n<p><span style=\"color: #800080\"><strong>\u00a0JEUDI 12H45 \u2013 13H40 en SALLE INFORMATIQUE<\/strong><\/span><\/p>\n<p>&#8211; Calcul litt\u00e9ral (d\u00e9veloppements, factorisations, \u00e9quations,&#8230;.)<\/p>\n<p>&#8211; Tableur<\/p>\n<p><span style=\"color: #800080\"><strong>VENDREDI 12H45-13H40 en SALLE P1<\/strong><\/span><\/p>\n<p>&#8211; Probabilit\u00e9s<\/p>\n<p>&#8211; Statistiques<\/p>\n<p>&#8211; Trigonom\u00e9trie<\/p>\n","protected":false},"excerpt":{"rendered":"<p>Dans le cadre de la pr\u00e9paration aux \u00e9preuves du Brevet des coll\u00e8ges 2014, le coll\u00e8ge organise des s\u00e9ances de r\u00e9vision, du mardi 20 mai au vendredi 20 juin. Les \u00e9l\u00e8ves qui souhaitent b\u00e9n\u00e9ficier de cette aide doivent imp\u00e9rativement se faire conna\u00eetre \u00e0 l&rsquo;accueil, pour s&rsquo;inscrire \u00e0 telle ou telle s\u00e9ance. &hellip;<\/p>\n","protected":false},"author":15,"featured_media":0,"comment_status":"closed","ping_status":"open","sticky":false,"template":"","format":"standard","meta":{"footnotes":""},"categories":[1],"tags":[],"class_list":["post-773","post","type-post","status-publish","format-standard","hentry","category-vie-de-letablissement"],"_links":{"self":[{"href":"https:\/\/etab.ac-reunion.fr\/clg-raymond-verges\/wp-json\/wp\/v2\/posts\/773","targetHints":{"allow":["GET"]}}],"collection":[{"href":"https:\/\/etab.ac-reunion.fr\/clg-raymond-verges\/wp-json\/wp\/v2\/posts"}],"about":[{"href":"https:\/\/etab.ac-reunion.fr\/clg-raymond-verges\/wp-json\/wp\/v2\/types\/post"}],"author":[{"embeddable":true,"href":"https:\/\/etab.ac-reunion.fr\/clg-raymond-verges\/wp-json\/wp\/v2\/users\/15"}],"replies":[{"embeddable":true,"href":"https:\/\/etab.ac-reunion.fr\/clg-raymond-verges\/wp-json\/wp\/v2\/comments?post=773"}],"version-history":[{"count":6,"href":"https:\/\/etab.ac-reunion.fr\/clg-raymond-verges\/wp-json\/wp\/v2\/posts\/773\/revisions"}],"predecessor-version":[{"id":779,"href":"https:\/\/etab.ac-reunion.fr\/clg-raymond-verges\/wp-json\/wp\/v2\/posts\/773\/revisions\/779"}],"wp:attachment":[{"href":"https:\/\/etab.ac-reunion.fr\/clg-raymond-verges\/wp-json\/wp\/v2\/media?parent=773"}],"wp:term":[{"taxonomy":"category","embeddable":true,"href":"https:\/\/etab.ac-reunion.fr\/clg-raymond-verges\/wp-json\/wp\/v2\/categories?post=773"},{"taxonomy":"post_tag","embeddable":true,"href":"https:\/\/etab.ac-reunion.fr\/clg-raymond-verges\/wp-json\/wp\/v2\/tags?post=773"}],"curies":[{"name":"wp","href":"https:\/\/api.w.org\/{rel}","templated":true}]}}