{"id":799,"date":"2014-07-01T11:43:07","date_gmt":"2014-07-01T07:43:07","guid":{"rendered":"http:\/\/college-raymondverges.ac-reunion.fr\/?p=799"},"modified":"2014-07-01T11:48:21","modified_gmt":"2014-07-01T07:48:21","slug":"journee-culturelle-du-jeudi-03-juillet-2014","status":"publish","type":"post","link":"https:\/\/etab.ac-reunion.fr\/clg-raymond-verges\/2014\/07\/01\/journee-culturelle-du-jeudi-03-juillet-2014\/","title":{"rendered":"Journ\u00e9e culturelle du jeudi 03 juillet 2014"},"content":{"rendered":"<p style=\"margin-bottom: 0cm;line-height: 100%\">Jeudi 03 juillet, tous les professeurs seront pr\u00e9sents et accueilleront les \u00e9l\u00e8ves selon leur horaire habituel.<\/p>\n<p style=\"margin-bottom: 0cm;line-height: 100%\">Toute la journ\u00e9e, les \u00e9l\u00e8ves accompagn\u00e9s de leurs professeurs se rendront \u00e0 divers ateliers anim\u00e9s par des intervenants ext\u00e9rieurs sur le <b>MALOYA<\/b>.<\/p>\n<p style=\"margin-bottom: 0cm;line-height: 100%\">Nous aurons le plaisir d&rsquo;accueillir parmi nous,<img loading=\"lazy\" decoding=\"async\" class=\"alignright  wp-image-801\" src=\"https:\/\/etab.ac-reunion.fr\/clg-raymond-verges\/wp-content\/uploads\/sites\/12\/2014\/07\/feu.jpg\" alt=\"feu\" width=\"156\" height=\"154\" srcset=\"https:\/\/etab.ac-reunion.fr\/clg-raymond-verges\/wp-content\/uploads\/sites\/12\/2014\/07\/feu.jpg 226w, https:\/\/etab.ac-reunion.fr\/clg-raymond-verges\/wp-content\/uploads\/sites\/12\/2014\/07\/feu-74x74.jpg 74w\" sizes=\"auto, (max-width: 156px) 100vw, 156px\" \/><\/p>\n<p style=\"margin-bottom: 0cm;line-height: 100%;padding-left: 60px\"><b>TI&rsquo;SEL,\u00a0<\/b><\/p>\n<p style=\"margin-bottom: 0cm;line-height: 100%;padding-left: 60px\"><b>Axel SAUTRON,\u00a0<\/b><\/p>\n<p style=\"margin-bottom: 0cm;line-height: 100%;padding-left: 60px\"><b>Fabris THEMYR, <\/b><\/p>\n<p style=\"margin-bottom: 0cm;line-height: 100%;padding-left: 60px\"><b>St\u00e9phane GRONDIN, <\/b><\/p>\n<p style=\"margin-bottom: 0cm;line-height: 100%;padding-left: 60px\"><b>Les Comp\u00e8res Cr\u00e9oles<\/b><\/p>\n<p style=\"margin-bottom: 0cm;line-height: 100%;padding-left: 60px\"><b>\u2026<\/b><\/p>\n<p style=\"margin-bottom: 0cm;line-height: 100%\">Certaines salles seront r\u00e9serv\u00e9es au jeu Times UP ax\u00e9 sur les ARTS. D&rsquo;autres, au film des ULIS, au film du voyage en ITALIE\u2026.<\/p>\n<p style=\"margin-bottom: 0cm;line-height: 100%\"><b>La derni\u00e8re heure de l&rsquo;apr\u00e8s-midi sera r\u00e9serv\u00e9e au spectacle dans la cour centrale<\/b>, avec les musiciens qui donneront un petit concert de MALOYA et Les Comp\u00e8res Cr\u00e9oles qui danseront un quadrille cr\u00e9ole, une gavotte, un s\u00e9ga et un maloya.<\/p>\n<p style=\"margin-bottom: 0cm;line-height: 100%\"><b>Nous comptons sur la pr\u00e9sence des \u00e9l\u00e8ves ce dernier jour d&rsquo;\u00e9cole, pour f\u00eater les vacances, avec des activit\u00e9s enrichissantes et festives. <\/b><\/p>\n","protected":false},"excerpt":{"rendered":"<p>Jeudi 03 juillet, tous les professeurs seront pr\u00e9sents et accueilleront les \u00e9l\u00e8ves selon leur horaire habituel. Toute la journ\u00e9e, les \u00e9l\u00e8ves accompagn\u00e9s de leurs professeurs se rendront \u00e0 divers ateliers anim\u00e9s par des intervenants ext\u00e9rieurs sur le MALOYA. Nous aurons le plaisir d&rsquo;accueillir parmi nous, TI&rsquo;SEL,\u00a0 Axel SAUTRON,\u00a0 Fabris THEMYR, &hellip;<\/p>\n","protected":false},"author":15,"featured_media":0,"comment_status":"closed","ping_status":"open","sticky":false,"template":"","format":"standard","meta":{"footnotes":""},"categories":[3],"tags":[],"class_list":["post-799","post","type-post","status-publish","format-standard","hentry","category-info-culturelle"],"_links":{"self":[{"href":"https:\/\/etab.ac-reunion.fr\/clg-raymond-verges\/wp-json\/wp\/v2\/posts\/799","targetHints":{"allow":["GET"]}}],"collection":[{"href":"https:\/\/etab.ac-reunion.fr\/clg-raymond-verges\/wp-json\/wp\/v2\/posts"}],"about":[{"href":"https:\/\/etab.ac-reunion.fr\/clg-raymond-verges\/wp-json\/wp\/v2\/types\/post"}],"author":[{"embeddable":true,"href":"https:\/\/etab.ac-reunion.fr\/clg-raymond-verges\/wp-json\/wp\/v2\/users\/15"}],"replies":[{"embeddable":true,"href":"https:\/\/etab.ac-reunion.fr\/clg-raymond-verges\/wp-json\/wp\/v2\/comments?post=799"}],"version-history":[{"count":3,"href":"https:\/\/etab.ac-reunion.fr\/clg-raymond-verges\/wp-json\/wp\/v2\/posts\/799\/revisions"}],"predecessor-version":[{"id":803,"href":"https:\/\/etab.ac-reunion.fr\/clg-raymond-verges\/wp-json\/wp\/v2\/posts\/799\/revisions\/803"}],"wp:attachment":[{"href":"https:\/\/etab.ac-reunion.fr\/clg-raymond-verges\/wp-json\/wp\/v2\/media?parent=799"}],"wp:term":[{"taxonomy":"category","embeddable":true,"href":"https:\/\/etab.ac-reunion.fr\/clg-raymond-verges\/wp-json\/wp\/v2\/categories?post=799"},{"taxonomy":"post_tag","embeddable":true,"href":"https:\/\/etab.ac-reunion.fr\/clg-raymond-verges\/wp-json\/wp\/v2\/tags?post=799"}],"curies":[{"name":"wp","href":"https:\/\/api.w.org\/{rel}","templated":true}]}}