{"id":827,"date":"2014-09-15T16:00:30","date_gmt":"2014-09-15T12:00:30","guid":{"rendered":"http:\/\/college-raymondverges.ac-reunion.fr\/?p=827"},"modified":"2014-11-05T16:57:29","modified_gmt":"2014-11-05T12:57:29","slug":"acces-des-parents-a-lent","status":"publish","type":"post","link":"https:\/\/etab.ac-reunion.fr\/clg-raymond-verges\/2014\/09\/15\/acces-des-parents-a-lent\/","title":{"rendered":"Acc\u00e8s des parents \u00e0 l&rsquo;ENT"},"content":{"rendered":"<p><span style=\"color: #003366\"><a href=\"https:\/\/etab.ac-reunion.fr\/clg-raymond-verges\/wp-content\/uploads\/sites\/12\/2014\/09\/m\u00e9tice-ac-reunion.jpg\"><img loading=\"lazy\" decoding=\"async\" class=\"alignright size-full wp-image-907\" src=\"https:\/\/etab.ac-reunion.fr\/clg-raymond-verges\/wp-content\/uploads\/sites\/12\/2014\/09\/m\u00e9tice-ac-reunion.jpg\" alt=\"m\u00e9tice ac reunion\" width=\"240\" height=\"72\" srcset=\"https:\/\/etab.ac-reunion.fr\/clg-raymond-verges\/wp-content\/uploads\/sites\/12\/2014\/09\/m\u00e9tice-ac-reunion.jpg 240w, https:\/\/etab.ac-reunion.fr\/clg-raymond-verges\/wp-content\/uploads\/sites\/12\/2014\/09\/m\u00e9tice-ac-reunion-239x72.jpg 239w\" sizes=\"auto, (max-width: 240px) 100vw, 240px\" \/><\/a>A tous les parents,<\/span><\/p>\n<p><span style=\"color: #003366\"><strong>Les codes d&rsquo;acc\u00e8s de tous les \u00ab\u00a0responsables l\u00e9gaux\u00a0\u00bb\u00a0 sur notre Espace Num\u00e9rique de Travail (ENT) viennent d&rsquo;\u00eatre r\u00e9initialis\u00e9s pour cette nouvelle ann\u00e9e scolaire 2014-2015.<\/strong><\/span><\/p>\n<p><span style=\"color: #003366\">Pour recevoir vos <strong>NOUVEAUX\u00a0 identifiants et mots de passe <span style=\"text-decoration: underline\">personnels<\/span><\/strong> et suivre la scolarit\u00e9 de votre (ou de vos) enfant(s), nous vous remercions de bien vouloir contacter le coll\u00e8ge.<\/span><\/p>\n<p><span style=\"color: #003366\">Vous pouvez, \u00e0 votre convenance :<\/span><\/p>\n<ul>\n<li><span style=\"color: #003366\">envoyer un mail au s\u00e9cr\u00e9tariat du principal (<a>ce.9740084y@ac-reunion.fr<\/a> ) avec : votre<em> NOM, Pr\u00e9nom, adresse mail<\/em>, ainsi que les <em>NOM(S), Pr\u00e9nom(s), Classe(s) de votre (ou de vos) enfant(s)<\/em>, pour une remise par courrier \u00e9lectronique.<br \/>\n<\/span><\/li>\n<li><span style=\"color: #003366\">ou, si vous n&rsquo;avez pas de mail, prendre RDV avec les CPE ou avec le s\u00e9cr\u00e9tariat de Direction ( 0262 22 04 00 ), pour une remise en main propre.<\/span><\/li>\n<\/ul>\n<p><span style=\"color: #003366\">Cette ann\u00e9e, une nouvelle proc\u00e9dure de personnalisation des mots de passe a \u00e9t\u00e9 mise en place pour plus de confidentialit\u00e9. Vous trouverez ci-apr\u00e8s un lien qui vous en expliquera toutes les \u00e9tapes :<\/span> <a href=\"https:\/\/etab.ac-reunion.fr\/clg-raymond-verges\/wp-content\/uploads\/sites\/12\/2014\/08\/METICE_GUIDE-PARENT.pdf\">METICE_GUIDE PARENT<\/a><\/p>\n<p><span style=\"color: #003366\">Le Principal.<\/span><\/p>\n","protected":false},"excerpt":{"rendered":"<p>A tous les parents, Les codes d&rsquo;acc\u00e8s de tous les \u00ab\u00a0responsables l\u00e9gaux\u00a0\u00bb\u00a0 sur notre Espace Num\u00e9rique de Travail (ENT) viennent d&rsquo;\u00eatre r\u00e9initialis\u00e9s pour cette nouvelle ann\u00e9e scolaire 2014-2015. Pour recevoir vos NOUVEAUX\u00a0 identifiants et mots de passe personnels et suivre la scolarit\u00e9 de votre (ou de vos) enfant(s), nous vous &hellip;<\/p>\n","protected":false},"author":37,"featured_media":0,"comment_status":"closed","ping_status":"open","sticky":false,"template":"","format":"standard","meta":{"footnotes":""},"categories":[10],"tags":[],"class_list":["post-827","post","type-post","status-publish","format-standard","hentry","category-aux-familles"],"_links":{"self":[{"href":"https:\/\/etab.ac-reunion.fr\/clg-raymond-verges\/wp-json\/wp\/v2\/posts\/827","targetHints":{"allow":["GET"]}}],"collection":[{"href":"https:\/\/etab.ac-reunion.fr\/clg-raymond-verges\/wp-json\/wp\/v2\/posts"}],"about":[{"href":"https:\/\/etab.ac-reunion.fr\/clg-raymond-verges\/wp-json\/wp\/v2\/types\/post"}],"author":[{"embeddable":true,"href":"https:\/\/etab.ac-reunion.fr\/clg-raymond-verges\/wp-json\/wp\/v2\/users\/37"}],"replies":[{"embeddable":true,"href":"https:\/\/etab.ac-reunion.fr\/clg-raymond-verges\/wp-json\/wp\/v2\/comments?post=827"}],"version-history":[{"count":10,"href":"https:\/\/etab.ac-reunion.fr\/clg-raymond-verges\/wp-json\/wp\/v2\/posts\/827\/revisions"}],"predecessor-version":[{"id":908,"href":"https:\/\/etab.ac-reunion.fr\/clg-raymond-verges\/wp-json\/wp\/v2\/posts\/827\/revisions\/908"}],"wp:attachment":[{"href":"https:\/\/etab.ac-reunion.fr\/clg-raymond-verges\/wp-json\/wp\/v2\/media?parent=827"}],"wp:term":[{"taxonomy":"category","embeddable":true,"href":"https:\/\/etab.ac-reunion.fr\/clg-raymond-verges\/wp-json\/wp\/v2\/categories?post=827"},{"taxonomy":"post_tag","embeddable":true,"href":"https:\/\/etab.ac-reunion.fr\/clg-raymond-verges\/wp-json\/wp\/v2\/tags?post=827"}],"curies":[{"name":"wp","href":"https:\/\/api.w.org\/{rel}","templated":true}]}}