{"id":835,"date":"2014-09-03T12:05:09","date_gmt":"2014-09-03T08:05:09","guid":{"rendered":"http:\/\/college-raymondverges.ac-reunion.fr\/?p=835"},"modified":"2014-09-03T12:05:09","modified_gmt":"2014-09-03T08:05:09","slug":"reunion-dinformation-des-parents-deleve","status":"publish","type":"post","link":"https:\/\/etab.ac-reunion.fr\/clg-raymond-verges\/2014\/09\/03\/reunion-dinformation-des-parents-deleve\/","title":{"rendered":"R\u00e9union d&rsquo;information des Parents d&rsquo;\u00e9l\u00e8ve"},"content":{"rendered":"<h3 style=\"text-align: center\">Dans le cadre des \u00e9lections au Conseil d&rsquo;Administration du Coll\u00e8ge Raymond Verg\u00e8s, une r\u00e9union d&rsquo;information est organis\u00e9e le jeudi 11 septembre 2014 \u00e0 17h en salle T1.<\/h3>\n<h3 style=\"text-align: center\">Tous les parents sont convi\u00e9s.<\/h3>\n<h3>Le Principal<\/h3>\n","protected":false},"excerpt":{"rendered":"<p>Dans le cadre des \u00e9lections au Conseil d&rsquo;Administration du Coll\u00e8ge Raymond Verg\u00e8s, une r\u00e9union d&rsquo;information est organis\u00e9e le jeudi 11 septembre 2014 \u00e0 17h en salle T1. Tous les parents sont convi\u00e9s. Le Principal<\/p>\n","protected":false},"author":37,"featured_media":0,"comment_status":"closed","ping_status":"open","sticky":false,"template":"","format":"standard","meta":{"footnotes":""},"categories":[10],"tags":[],"class_list":["post-835","post","type-post","status-publish","format-standard","hentry","category-aux-familles"],"_links":{"self":[{"href":"https:\/\/etab.ac-reunion.fr\/clg-raymond-verges\/wp-json\/wp\/v2\/posts\/835","targetHints":{"allow":["GET"]}}],"collection":[{"href":"https:\/\/etab.ac-reunion.fr\/clg-raymond-verges\/wp-json\/wp\/v2\/posts"}],"about":[{"href":"https:\/\/etab.ac-reunion.fr\/clg-raymond-verges\/wp-json\/wp\/v2\/types\/post"}],"author":[{"embeddable":true,"href":"https:\/\/etab.ac-reunion.fr\/clg-raymond-verges\/wp-json\/wp\/v2\/users\/37"}],"replies":[{"embeddable":true,"href":"https:\/\/etab.ac-reunion.fr\/clg-raymond-verges\/wp-json\/wp\/v2\/comments?post=835"}],"version-history":[{"count":1,"href":"https:\/\/etab.ac-reunion.fr\/clg-raymond-verges\/wp-json\/wp\/v2\/posts\/835\/revisions"}],"predecessor-version":[{"id":836,"href":"https:\/\/etab.ac-reunion.fr\/clg-raymond-verges\/wp-json\/wp\/v2\/posts\/835\/revisions\/836"}],"wp:attachment":[{"href":"https:\/\/etab.ac-reunion.fr\/clg-raymond-verges\/wp-json\/wp\/v2\/media?parent=835"}],"wp:term":[{"taxonomy":"category","embeddable":true,"href":"https:\/\/etab.ac-reunion.fr\/clg-raymond-verges\/wp-json\/wp\/v2\/categories?post=835"},{"taxonomy":"post_tag","embeddable":true,"href":"https:\/\/etab.ac-reunion.fr\/clg-raymond-verges\/wp-json\/wp\/v2\/tags?post=835"}],"curies":[{"name":"wp","href":"https:\/\/api.w.org\/{rel}","templated":true}]}}