{"id":850,"date":"2014-10-10T08:30:18","date_gmt":"2014-10-10T04:30:18","guid":{"rendered":"http:\/\/college-raymondverges.ac-reunion.fr\/?p=850"},"modified":"2014-10-12T19:13:24","modified_gmt":"2014-10-12T15:13:24","slug":"elections-des-membres-du-ca-vendredi-3-octobre-2014","status":"publish","type":"post","link":"https:\/\/etab.ac-reunion.fr\/clg-raymond-verges\/2014\/10\/10\/elections-des-membres-du-ca-vendredi-3-octobre-2014\/","title":{"rendered":"LES MEMBRES DU CA"},"content":{"rendered":"<p>R\u00c9SULTATS DES ELECTIONS DU 3 OCTOBRE 2014<\/p>\n<p>&#8211; 3 parents d&rsquo;\u00e9l\u00e8ves de la liste \u00ab\u00a0PEEP\u00a0\u00bb (121 suffrages avec une participation de 21,37%)<\/p>\n<p>&#8211; 3 parents d&rsquo;\u00e9l\u00e8ves de la liste \u00ab\u00a0FRAPE\u00a0\u00bb (97\u00a0suffrages avec une participation de 21,37%)<\/p>\n<p>&#8211; 12\u00a0enseignants et assimil\u00e9s de la liste \u00ab\u00a0ETHIQUE SANS ETIQUETTE\u00a0\u00bb (41 suffrages avec une participation de 80,65%)<\/p>\n<p>&#8211; 2 enseignants et assimil\u00e9s de la liste \u00ab\u00a0SNALC\u00a0\u00bb\u00a0(8\u00a0suffrages avec une participation de 80,65%)<\/p>\n<p>&#8211; 2\u00a0agents sur la liste \u00ab\u00a0UNSA\u00a0\u00bb (16 suffrages avec une participation de 94,12%)<\/p>\n<p>Les \u00e9lections\u00a0ont eu\u00a0lieu vendredi 3 octobre.<\/p>\n<h3>F\u00e9licitations \u00e0 tous les \u00e9lus qui si\u00e9geront au prochain Conseil d&rsquo;Administration de l&rsquo;ann\u00e9e scolaire 2014-2015 :\u00a0<strong><span style=\"text-decoration: underline;color: #0000ff\">mardi 14 octobre 2014 \u00e0 17 h en salle de r\u00e9union<\/span>.<\/strong><\/h3>\n<p>LE PRINCIPAL<\/p>\n<p>Les membres \u00a0parents :\u00a0<a href=\"https:\/\/etab.ac-reunion.fr\/clg-raymond-verges\/wp-content\/uploads\/sites\/12\/2014\/09\/liste-elus-parents.pdf\">liste elus parents<\/a><\/p>\n<p>Les membres enseignants et assimil\u00e9s :\u00a0<a href=\"https:\/\/etab.ac-reunion.fr\/clg-raymond-verges\/wp-content\/uploads\/sites\/12\/2014\/09\/elus-PEE.pdf\">elus PEE<\/a><\/p>\n<p>Les membres agents :\u00a0<a href=\"https:\/\/etab.ac-reunion.fr\/clg-raymond-verges\/wp-content\/uploads\/sites\/12\/2014\/09\/elus-agents.pdf\">elus agents<\/a><\/p>\n","protected":false},"excerpt":{"rendered":"<p>R\u00c9SULTATS DES ELECTIONS DU 3 OCTOBRE 2014 &#8211; 3 parents d&rsquo;\u00e9l\u00e8ves de la liste \u00ab\u00a0PEEP\u00a0\u00bb (121 suffrages avec une participation de 21,37%) &#8211; 3 parents d&rsquo;\u00e9l\u00e8ves de la liste \u00ab\u00a0FRAPE\u00a0\u00bb (97\u00a0suffrages avec une participation de 21,37%) &#8211; 12\u00a0enseignants et assimil\u00e9s de la liste \u00ab\u00a0ETHIQUE SANS ETIQUETTE\u00a0\u00bb (41 suffrages avec une &hellip;<\/p>\n","protected":false},"author":37,"featured_media":0,"comment_status":"closed","ping_status":"open","sticky":false,"template":"","format":"standard","meta":{"footnotes":""},"categories":[1],"tags":[],"class_list":["post-850","post","type-post","status-publish","format-standard","hentry","category-vie-de-letablissement"],"_links":{"self":[{"href":"https:\/\/etab.ac-reunion.fr\/clg-raymond-verges\/wp-json\/wp\/v2\/posts\/850","targetHints":{"allow":["GET"]}}],"collection":[{"href":"https:\/\/etab.ac-reunion.fr\/clg-raymond-verges\/wp-json\/wp\/v2\/posts"}],"about":[{"href":"https:\/\/etab.ac-reunion.fr\/clg-raymond-verges\/wp-json\/wp\/v2\/types\/post"}],"author":[{"embeddable":true,"href":"https:\/\/etab.ac-reunion.fr\/clg-raymond-verges\/wp-json\/wp\/v2\/users\/37"}],"replies":[{"embeddable":true,"href":"https:\/\/etab.ac-reunion.fr\/clg-raymond-verges\/wp-json\/wp\/v2\/comments?post=850"}],"version-history":[{"count":7,"href":"https:\/\/etab.ac-reunion.fr\/clg-raymond-verges\/wp-json\/wp\/v2\/posts\/850\/revisions"}],"predecessor-version":[{"id":893,"href":"https:\/\/etab.ac-reunion.fr\/clg-raymond-verges\/wp-json\/wp\/v2\/posts\/850\/revisions\/893"}],"wp:attachment":[{"href":"https:\/\/etab.ac-reunion.fr\/clg-raymond-verges\/wp-json\/wp\/v2\/media?parent=850"}],"wp:term":[{"taxonomy":"category","embeddable":true,"href":"https:\/\/etab.ac-reunion.fr\/clg-raymond-verges\/wp-json\/wp\/v2\/categories?post=850"},{"taxonomy":"post_tag","embeddable":true,"href":"https:\/\/etab.ac-reunion.fr\/clg-raymond-verges\/wp-json\/wp\/v2\/tags?post=850"}],"curies":[{"name":"wp","href":"https:\/\/api.w.org\/{rel}","templated":true}]}}