{"id":894,"date":"2014-10-20T06:59:11","date_gmt":"2014-10-20T02:59:11","guid":{"rendered":"http:\/\/college-raymondverges.ac-reunion.fr\/?p=894"},"modified":"2014-10-20T07:01:41","modified_gmt":"2014-10-20T03:01:41","slug":"acces-principal-au-college","status":"publish","type":"post","link":"https:\/\/etab.ac-reunion.fr\/clg-raymond-verges\/2014\/10\/20\/acces-principal-au-college\/","title":{"rendered":"ACC\u00c8S PRINCIPAL AU COLLEGE"},"content":{"rendered":"<p style=\"text-align: center\"><strong>Nouvel am\u00e9nagement de l&rsquo;entr\u00e9e dans le coll\u00e8ge.<\/strong><\/p>\n<p>A compter du 3 novembre 2014, le portail principal du coll\u00e8ge sera ouvert d\u00e8s 7 H. Les \u00e9l\u00e8ves pourront se mettre \u00e0 l&rsquo;int\u00e9rieur d&rsquo;un espace s\u00e9curis\u00e9 en attendant l&rsquo;ouverture de l&rsquo;\u00e9tablissement \u00e0 7 H 30.<\/p>\n<p>A 7 H 55, les \u00e9l\u00e8ves entrent en classe et les retardataires seront accept\u00e9s jusqu&rsquo;\u00e0 8 H.<\/p>\n<p>Tous les portails seront clos \u00e0 8 H. Seuls les \u00e9l\u00e8ves accompagn\u00e9s d&rsquo;un responsable seront admis \u00e0 rentrer en permanence.<\/p>\n<p>Cette proc\u00e9dure de lutte contre les retards est appliqu\u00e9e pour toute entr\u00e9e dans l&rsquo;\u00e9tablissement selon les horaires que vous pourrez consulter \u00e0 cette adresse :\u00a0<a title=\"Les horaires de l'\u00e9tablissement\" href=\"https:\/\/etab.ac-reunion.fr\/clg-raymond-verges\/les-horaires2\/\" target=\"_blank\">https:\/\/etab.ac-reunion.fr\/clg-raymond-verges\/les-horaires2\/<\/a><\/p>\n<p style=\"text-align: right\">\u00a0Le Principal<\/p>\n","protected":false},"excerpt":{"rendered":"<p>Nouvel am\u00e9nagement de l&rsquo;entr\u00e9e dans le coll\u00e8ge. A compter du 3 novembre 2014, le portail principal du coll\u00e8ge sera ouvert d\u00e8s 7 H. Les \u00e9l\u00e8ves pourront se mettre \u00e0 l&rsquo;int\u00e9rieur d&rsquo;un espace s\u00e9curis\u00e9 en attendant l&rsquo;ouverture de l&rsquo;\u00e9tablissement \u00e0 7 H 30. A 7 H 55, les \u00e9l\u00e8ves entrent en &hellip;<\/p>\n","protected":false},"author":37,"featured_media":0,"comment_status":"closed","ping_status":"open","sticky":false,"template":"","format":"standard","meta":{"footnotes":""},"categories":[1],"tags":[],"class_list":["post-894","post","type-post","status-publish","format-standard","hentry","category-vie-de-letablissement"],"_links":{"self":[{"href":"https:\/\/etab.ac-reunion.fr\/clg-raymond-verges\/wp-json\/wp\/v2\/posts\/894","targetHints":{"allow":["GET"]}}],"collection":[{"href":"https:\/\/etab.ac-reunion.fr\/clg-raymond-verges\/wp-json\/wp\/v2\/posts"}],"about":[{"href":"https:\/\/etab.ac-reunion.fr\/clg-raymond-verges\/wp-json\/wp\/v2\/types\/post"}],"author":[{"embeddable":true,"href":"https:\/\/etab.ac-reunion.fr\/clg-raymond-verges\/wp-json\/wp\/v2\/users\/37"}],"replies":[{"embeddable":true,"href":"https:\/\/etab.ac-reunion.fr\/clg-raymond-verges\/wp-json\/wp\/v2\/comments?post=894"}],"version-history":[{"count":5,"href":"https:\/\/etab.ac-reunion.fr\/clg-raymond-verges\/wp-json\/wp\/v2\/posts\/894\/revisions"}],"predecessor-version":[{"id":899,"href":"https:\/\/etab.ac-reunion.fr\/clg-raymond-verges\/wp-json\/wp\/v2\/posts\/894\/revisions\/899"}],"wp:attachment":[{"href":"https:\/\/etab.ac-reunion.fr\/clg-raymond-verges\/wp-json\/wp\/v2\/media?parent=894"}],"wp:term":[{"taxonomy":"category","embeddable":true,"href":"https:\/\/etab.ac-reunion.fr\/clg-raymond-verges\/wp-json\/wp\/v2\/categories?post=894"},{"taxonomy":"post_tag","embeddable":true,"href":"https:\/\/etab.ac-reunion.fr\/clg-raymond-verges\/wp-json\/wp\/v2\/tags?post=894"}],"curies":[{"name":"wp","href":"https:\/\/api.w.org\/{rel}","templated":true}]}}