{"id":902,"date":"2014-10-21T11:20:37","date_gmt":"2014-10-21T07:20:37","guid":{"rendered":"http:\/\/college-raymondverges.ac-reunion.fr\/?p=902"},"modified":"2014-10-21T11:20:37","modified_gmt":"2014-10-21T07:20:37","slug":"un-nouveau-self-au-refectoire","status":"publish","type":"post","link":"https:\/\/etab.ac-reunion.fr\/clg-raymond-verges\/2014\/10\/21\/un-nouveau-self-au-refectoire\/","title":{"rendered":"Un nouveau self au r\u00e9fectoire"},"content":{"rendered":"<p style=\"text-align: center\"><strong>Pour plus d&rsquo;hygi\u00e8ne et un meilleur service<\/strong><\/p>\n<p>Le Conseil G\u00e9n\u00e9ral a financ\u00e9 un nouveau self pour les 400 rationnaires du coll\u00e8ge Raymond Verg\u00e8s.<\/p>\n<p><a href=\"https:\/\/etab.ac-reunion.fr\/clg-raymond-verges\/wp-content\/uploads\/sites\/12\/2014\/10\/nouveau-self.jpg\"><img loading=\"lazy\" decoding=\"async\" class=\"size-medium wp-image-905 aligncenter\" src=\"https:\/\/etab.ac-reunion.fr\/clg-raymond-verges\/wp-content\/uploads\/sites\/12\/2014\/10\/nouveau-self-300x200.jpg\" alt=\"nouveau self\" width=\"300\" height=\"200\" srcset=\"https:\/\/etab.ac-reunion.fr\/clg-raymond-verges\/wp-content\/uploads\/sites\/12\/2014\/10\/nouveau-self-300x200.jpg 300w, https:\/\/etab.ac-reunion.fr\/clg-raymond-verges\/wp-content\/uploads\/sites\/12\/2014\/10\/nouveau-self-140x94.jpg 140w, https:\/\/etab.ac-reunion.fr\/clg-raymond-verges\/wp-content\/uploads\/sites\/12\/2014\/10\/nouveau-self.jpg 1024w\" sizes=\"auto, (max-width: 300px) 100vw, 300px\" \/><\/a><\/p>\n<p style=\"text-align: center\">Avec ses couleurs, le self \u00e9gaie la cuisine.<\/p>\n<p style=\"text-align: center\">\n<p style=\"text-align: center\">Il ne manque plus que les plats \u00e0 servir&#8230;<\/p>\n<p>Tous nos remerciements \u00e0 notre collectivit\u00e9 pour l&rsquo;am\u00e9lioration de la vie des \u00e9l\u00e8ves dans notre \u00e9tablissement.<\/p>\n","protected":false},"excerpt":{"rendered":"<p>Pour plus d&rsquo;hygi\u00e8ne et un meilleur service Le Conseil G\u00e9n\u00e9ral a financ\u00e9 un nouveau self pour les 400 rationnaires du coll\u00e8ge Raymond Verg\u00e8s. Avec ses couleurs, le self \u00e9gaie la cuisine. Il ne manque plus que les plats \u00e0 servir&#8230; Tous nos remerciements \u00e0 notre collectivit\u00e9 pour l&rsquo;am\u00e9lioration de la &hellip;<\/p>\n","protected":false},"author":37,"featured_media":0,"comment_status":"closed","ping_status":"open","sticky":false,"template":"","format":"standard","meta":{"footnotes":""},"categories":[16],"tags":[],"class_list":["post-902","post","type-post","status-publish","format-standard","hentry","category-tout-public"],"_links":{"self":[{"href":"https:\/\/etab.ac-reunion.fr\/clg-raymond-verges\/wp-json\/wp\/v2\/posts\/902","targetHints":{"allow":["GET"]}}],"collection":[{"href":"https:\/\/etab.ac-reunion.fr\/clg-raymond-verges\/wp-json\/wp\/v2\/posts"}],"about":[{"href":"https:\/\/etab.ac-reunion.fr\/clg-raymond-verges\/wp-json\/wp\/v2\/types\/post"}],"author":[{"embeddable":true,"href":"https:\/\/etab.ac-reunion.fr\/clg-raymond-verges\/wp-json\/wp\/v2\/users\/37"}],"replies":[{"embeddable":true,"href":"https:\/\/etab.ac-reunion.fr\/clg-raymond-verges\/wp-json\/wp\/v2\/comments?post=902"}],"version-history":[{"count":3,"href":"https:\/\/etab.ac-reunion.fr\/clg-raymond-verges\/wp-json\/wp\/v2\/posts\/902\/revisions"}],"predecessor-version":[{"id":906,"href":"https:\/\/etab.ac-reunion.fr\/clg-raymond-verges\/wp-json\/wp\/v2\/posts\/902\/revisions\/906"}],"wp:attachment":[{"href":"https:\/\/etab.ac-reunion.fr\/clg-raymond-verges\/wp-json\/wp\/v2\/media?parent=902"}],"wp:term":[{"taxonomy":"category","embeddable":true,"href":"https:\/\/etab.ac-reunion.fr\/clg-raymond-verges\/wp-json\/wp\/v2\/categories?post=902"},{"taxonomy":"post_tag","embeddable":true,"href":"https:\/\/etab.ac-reunion.fr\/clg-raymond-verges\/wp-json\/wp\/v2\/tags?post=902"}],"curies":[{"name":"wp","href":"https:\/\/api.w.org\/{rel}","templated":true}]}}