{"id":909,"date":"2014-11-18T06:10:06","date_gmt":"2014-11-18T02:10:06","guid":{"rendered":"http:\/\/college-raymondverges.ac-reunion.fr\/?p=909"},"modified":"2014-11-19T06:23:23","modified_gmt":"2014-11-19T02:23:23","slug":"parents-delegues-conseils-de-classe","status":"publish","type":"post","link":"https:\/\/etab.ac-reunion.fr\/clg-raymond-verges\/2014\/11\/18\/parents-delegues-conseils-de-classe\/","title":{"rendered":"PARENTS &amp; CONSEILS DE CLASSE"},"content":{"rendered":"<p style=\"text-align: center\"><em><strong><span lang=\"fr-FR\">Chers parents ,<\/span><\/strong><\/em><\/p>\n<p style=\"text-align: center\"><a title=\"Planning CC 1Trim\" href=\"https:\/\/etab.ac-reunion.fr\/clg-raymond-verges\/wp-content\/uploads\/sites\/12\/2014\/11\/Planning_de_conseils_de_classe_site.pdf\" target=\"_blank\">Le planning des conseils de classe du 1 er trimestre<\/a><\/p>\n<p style=\"text-align: center\"><em><span lang=\"fr-FR\">Les conseils de classe du premier trimestre ont d\u00e9but\u00e9 le 17 novembre\u00a0et nombreuses sont les classes o\u00f9 il n\u2019y a personne pour <span style=\"color: #ff0000\">repr\u00e9senter les parents d\u2019\u00e9l\u00e8ves<\/span> .Cela concerne les classes de\u00a0:<\/span><strong>\u00a0501- 506 -401-404-406- 301-305-307<\/strong> . (report du conseil de classe de 307 au mardi 25 novembre \u00e0 16 h 45)<\/em><\/p>\n<p style=\"text-align: center\"><em><span lang=\"fr-FR\">Les parents sont invit\u00e9s \u00e0 participer \u00e0 cette instance qui donne une vision de l\u2019ambiance de la classe . <\/span><span lang=\"fr-FR\">\u00catre<\/span><span lang=\"fr-FR\"> acteur de la vie du coll\u00e8ge est une mani\u00e8re de s\u2019investir dans le parcours scolaire des enfants . <\/span><\/em><\/p>\n<p style=\"text-align: center\"><em><span lang=\"fr-FR\">Il n\u2019est pas n\u00e9cessaire de faire partie d\u2019une association de parents d\u2019\u00e9l\u00e8ves . Nous comptons sur vous .<\/span><\/em><\/p>\n<p style=\"text-align: center\"><em><span lang=\"fr-FR\">Pour les parents d\u2019\u00e9l\u00e8ves \u00e9lus au conseil d\u2019administration ,<\/span><\/em><\/p>\n<p style=\"text-align: center\"><strong><em><span lang=\"fr-FR\">N.Boissi\u00e8re ( FRAPE) et Claudie Pothin ( PEEP)<\/span><\/em><\/strong><\/p>\n<p>Le coll\u00e8ge Raymond Verg\u00e8s est\u00a0toujours heureux d&rsquo;accueillir les parents investis dans l&rsquo;\u00e9ducation.<\/p>\n<p style=\"text-align: center\">Le Principal.<\/p>\n","protected":false},"excerpt":{"rendered":"<p>Chers parents , Le planning des conseils de classe du 1 er trimestre Les conseils de classe du premier trimestre ont d\u00e9but\u00e9 le 17 novembre\u00a0et nombreuses sont les classes o\u00f9 il n\u2019y a personne pour repr\u00e9senter les parents d\u2019\u00e9l\u00e8ves .Cela concerne les classes de\u00a0:\u00a0501- 506 -401-404-406- 301-305-307 . (report du &hellip;<\/p>\n","protected":false},"author":37,"featured_media":0,"comment_status":"closed","ping_status":"open","sticky":false,"template":"","format":"standard","meta":{"footnotes":""},"categories":[10],"tags":[],"class_list":["post-909","post","type-post","status-publish","format-standard","hentry","category-aux-familles"],"_links":{"self":[{"href":"https:\/\/etab.ac-reunion.fr\/clg-raymond-verges\/wp-json\/wp\/v2\/posts\/909","targetHints":{"allow":["GET"]}}],"collection":[{"href":"https:\/\/etab.ac-reunion.fr\/clg-raymond-verges\/wp-json\/wp\/v2\/posts"}],"about":[{"href":"https:\/\/etab.ac-reunion.fr\/clg-raymond-verges\/wp-json\/wp\/v2\/types\/post"}],"author":[{"embeddable":true,"href":"https:\/\/etab.ac-reunion.fr\/clg-raymond-verges\/wp-json\/wp\/v2\/users\/37"}],"replies":[{"embeddable":true,"href":"https:\/\/etab.ac-reunion.fr\/clg-raymond-verges\/wp-json\/wp\/v2\/comments?post=909"}],"version-history":[{"count":6,"href":"https:\/\/etab.ac-reunion.fr\/clg-raymond-verges\/wp-json\/wp\/v2\/posts\/909\/revisions"}],"predecessor-version":[{"id":938,"href":"https:\/\/etab.ac-reunion.fr\/clg-raymond-verges\/wp-json\/wp\/v2\/posts\/909\/revisions\/938"}],"wp:attachment":[{"href":"https:\/\/etab.ac-reunion.fr\/clg-raymond-verges\/wp-json\/wp\/v2\/media?parent=909"}],"wp:term":[{"taxonomy":"category","embeddable":true,"href":"https:\/\/etab.ac-reunion.fr\/clg-raymond-verges\/wp-json\/wp\/v2\/categories?post=909"},{"taxonomy":"post_tag","embeddable":true,"href":"https:\/\/etab.ac-reunion.fr\/clg-raymond-verges\/wp-json\/wp\/v2\/tags?post=909"}],"curies":[{"name":"wp","href":"https:\/\/api.w.org\/{rel}","templated":true}]}}