{"id":941,"date":"2014-12-14T07:16:03","date_gmt":"2014-12-14T03:16:03","guid":{"rendered":"http:\/\/college-raymondverges.ac-reunion.fr\/?p=941"},"modified":"2014-12-14T07:20:06","modified_gmt":"2014-12-14T03:20:06","slug":"la-reunion-parents-professeurs-6-decembre","status":"publish","type":"post","link":"https:\/\/etab.ac-reunion.fr\/clg-raymond-verges\/2014\/12\/14\/la-reunion-parents-professeurs-6-decembre\/","title":{"rendered":"Bient\u00f4t les VACANCES"},"content":{"rendered":"<h5>La semaine des devoirs communs est arriv\u00e9e.<\/h5>\n<p>Lundi 15 d\u00e9cembre : les 4\u00e8mes et les 3\u00e8mes passeront leurs premi\u00e8res \u00e9preuves pendant toute la journ\u00e9e. Les 6\u00e8mes et les 5\u00e8mes profiteront de cette derni\u00e8re journ\u00e9e pour r\u00e9viser \u00e0 la maison.<\/p>\n<p>Mardi 16 d\u00e9cembre : Les 6\u00e8mes et les 5\u00e8mes seront \u00e0 leur tour en devoirs sur table jusqu&rsquo;\u00e0 11h30. Les demi-pensionnaires pourront prendre leurs repas \u00e0 la cantine. Les 4\u00e8mes et les 3\u00e8mes auront une derni\u00e8re journ\u00e9e pour r\u00e9viser les Maths et l&rsquo;Histoire-G\u00e9ographie chez eux.<\/p>\n<p>Mercredi 17 d\u00e9cembre : Les derni\u00e8res \u00e9preuves pour les 4\u00e8mes et les 3\u00e8mes. Les 6\u00e8mes et les 5\u00e8mes auront leur derni\u00e8re journ\u00e9e de r\u00e9vision \u00e0 la maison. A 12h, les \u00e9l\u00e8ves de 4\u00e8mes et de 3\u00e8mes seront lib\u00e9r\u00e9s et nous leurs souhaitons de bonnes vacances apr\u00e8s leurs efforts.<\/p>\n<p>Jeudi 18 d\u00e9cembre : les derni\u00e8res \u00e9preuves de devoirs communs pour les 6\u00e8mes et les 5\u00e8mes. Ces \u00e9l\u00e8ves seront lib\u00e9r\u00e9s \u00e0 12h et la cantine sera ferm\u00e9e \u00e0 13h.<\/p>\n<p>Le vendredi 19 d\u00e9cembre : Journ\u00e9e de correction des professeurs qui auront bien m\u00e9rit\u00e9 leurs vacances en fin de journ\u00e9e.<\/p>\n<p>L&rsquo;\u00e9tablissement sera ferm\u00e9 du vendredi 19 d\u00e9cembre 2014 au jeudi 28 janvier 2015.<\/p>\n<p>Je profite de cet article pour souhaiter \u00e0 tous les usagers et personnels de l&rsquo;\u00e9tablissement de :<\/p>\n<h5 style=\"text-align: center\"><span style=\"color: #ff0000\">JOYEUSES F\u00caTES DE FIN D&rsquo;ANN\u00c9E ET DES VACANCES REPOSANTES.<\/span><\/h5>\n<address>Le Principal<\/address>\n<address>\u00a0<\/address>\n<address>Le Planning des \u00e9preuves ci-dessous:\u00a0<\/address>\n<address><a href=\"https:\/\/etab.ac-reunion.fr\/clg-raymond-verges\/wp-content\/uploads\/sites\/12\/2014\/11\/Lettres-aux-Parents-Info-D\u00e9roul\u00e9-des-\u00e9preuves-06122014.pdf\">Lettres aux Parents Info D\u00e9roul\u00e9 des \u00e9preuves<\/a><\/address>\n<address>\u00a0<\/address>\n","protected":false},"excerpt":{"rendered":"<p>La semaine des devoirs communs est arriv\u00e9e. Lundi 15 d\u00e9cembre : les 4\u00e8mes et les 3\u00e8mes passeront leurs premi\u00e8res \u00e9preuves pendant toute la journ\u00e9e. Les 6\u00e8mes et les 5\u00e8mes profiteront de cette derni\u00e8re journ\u00e9e pour r\u00e9viser \u00e0 la maison. Mardi 16 d\u00e9cembre : Les 6\u00e8mes et les 5\u00e8mes seront \u00e0 &hellip;<\/p>\n","protected":false},"author":37,"featured_media":0,"comment_status":"closed","ping_status":"open","sticky":false,"template":"","format":"standard","meta":{"footnotes":""},"categories":[1],"tags":[],"class_list":["post-941","post","type-post","status-publish","format-standard","hentry","category-vie-de-letablissement"],"_links":{"self":[{"href":"https:\/\/etab.ac-reunion.fr\/clg-raymond-verges\/wp-json\/wp\/v2\/posts\/941","targetHints":{"allow":["GET"]}}],"collection":[{"href":"https:\/\/etab.ac-reunion.fr\/clg-raymond-verges\/wp-json\/wp\/v2\/posts"}],"about":[{"href":"https:\/\/etab.ac-reunion.fr\/clg-raymond-verges\/wp-json\/wp\/v2\/types\/post"}],"author":[{"embeddable":true,"href":"https:\/\/etab.ac-reunion.fr\/clg-raymond-verges\/wp-json\/wp\/v2\/users\/37"}],"replies":[{"embeddable":true,"href":"https:\/\/etab.ac-reunion.fr\/clg-raymond-verges\/wp-json\/wp\/v2\/comments?post=941"}],"version-history":[{"count":6,"href":"https:\/\/etab.ac-reunion.fr\/clg-raymond-verges\/wp-json\/wp\/v2\/posts\/941\/revisions"}],"predecessor-version":[{"id":968,"href":"https:\/\/etab.ac-reunion.fr\/clg-raymond-verges\/wp-json\/wp\/v2\/posts\/941\/revisions\/968"}],"wp:attachment":[{"href":"https:\/\/etab.ac-reunion.fr\/clg-raymond-verges\/wp-json\/wp\/v2\/media?parent=941"}],"wp:term":[{"taxonomy":"category","embeddable":true,"href":"https:\/\/etab.ac-reunion.fr\/clg-raymond-verges\/wp-json\/wp\/v2\/categories?post=941"},{"taxonomy":"post_tag","embeddable":true,"href":"https:\/\/etab.ac-reunion.fr\/clg-raymond-verges\/wp-json\/wp\/v2\/tags?post=941"}],"curies":[{"name":"wp","href":"https:\/\/api.w.org\/{rel}","templated":true}]}}