{"id":943,"date":"2014-11-28T16:29:18","date_gmt":"2014-11-28T12:29:18","guid":{"rendered":"http:\/\/college-raymondverges.ac-reunion.fr\/?p=943"},"modified":"2014-11-28T16:42:44","modified_gmt":"2014-11-28T12:42:44","slug":"devoirs-communs-du-15-au-18-decembre-2014","status":"publish","type":"post","link":"https:\/\/etab.ac-reunion.fr\/clg-raymond-verges\/2014\/11\/28\/devoirs-communs-du-15-au-18-decembre-2014\/","title":{"rendered":"DEVOIRS COMMUNS du 15 au 18 d\u00e9cembre 2014"},"content":{"rendered":"<h4>Mesdames et Messieurs les parents d&rsquo;\u00e9l\u00e8ves sont inform\u00e9s qu&rsquo;un courrier leur a \u00e9t\u00e9 envoy\u00e9 pr\u00e9sentant le planning de la semaine des devoirs communs.<\/h4>\n<p><a title=\"Courrier Devoirs Communs\" href=\"https:\/\/etab.ac-reunion.fr\/clg-raymond-verges\/wp-content\/uploads\/sites\/12\/2014\/11\/Lettres-aux-Parents-Info-D\u00e9roul\u00e9-des-\u00e9preuves-06122014.pdf\" target=\"_blank\">Veuillez cliquer ICI<\/a><\/p>\n<p>&nbsp;<\/p>\n","protected":false},"excerpt":{"rendered":"<p>Mesdames et Messieurs les parents d&rsquo;\u00e9l\u00e8ves sont inform\u00e9s qu&rsquo;un courrier leur a \u00e9t\u00e9 envoy\u00e9 pr\u00e9sentant le planning de la semaine des devoirs communs. Veuillez cliquer ICI &nbsp;<\/p>\n","protected":false},"author":37,"featured_media":0,"comment_status":"closed","ping_status":"open","sticky":false,"template":"","format":"standard","meta":{"footnotes":""},"categories":[10],"tags":[],"class_list":["post-943","post","type-post","status-publish","format-standard","hentry","category-aux-familles"],"_links":{"self":[{"href":"https:\/\/etab.ac-reunion.fr\/clg-raymond-verges\/wp-json\/wp\/v2\/posts\/943","targetHints":{"allow":["GET"]}}],"collection":[{"href":"https:\/\/etab.ac-reunion.fr\/clg-raymond-verges\/wp-json\/wp\/v2\/posts"}],"about":[{"href":"https:\/\/etab.ac-reunion.fr\/clg-raymond-verges\/wp-json\/wp\/v2\/types\/post"}],"author":[{"embeddable":true,"href":"https:\/\/etab.ac-reunion.fr\/clg-raymond-verges\/wp-json\/wp\/v2\/users\/37"}],"replies":[{"embeddable":true,"href":"https:\/\/etab.ac-reunion.fr\/clg-raymond-verges\/wp-json\/wp\/v2\/comments?post=943"}],"version-history":[{"count":4,"href":"https:\/\/etab.ac-reunion.fr\/clg-raymond-verges\/wp-json\/wp\/v2\/posts\/943\/revisions"}],"predecessor-version":[{"id":949,"href":"https:\/\/etab.ac-reunion.fr\/clg-raymond-verges\/wp-json\/wp\/v2\/posts\/943\/revisions\/949"}],"wp:attachment":[{"href":"https:\/\/etab.ac-reunion.fr\/clg-raymond-verges\/wp-json\/wp\/v2\/media?parent=943"}],"wp:term":[{"taxonomy":"category","embeddable":true,"href":"https:\/\/etab.ac-reunion.fr\/clg-raymond-verges\/wp-json\/wp\/v2\/categories?post=943"},{"taxonomy":"post_tag","embeddable":true,"href":"https:\/\/etab.ac-reunion.fr\/clg-raymond-verges\/wp-json\/wp\/v2\/tags?post=943"}],"curies":[{"name":"wp","href":"https:\/\/api.w.org\/{rel}","templated":true}]}}