{"id":975,"date":"2015-02-10T06:04:28","date_gmt":"2015-02-10T02:04:28","guid":{"rendered":"http:\/\/college-raymondverges.ac-reunion.fr\/?p=975"},"modified":"2015-02-10T06:26:50","modified_gmt":"2015-02-10T02:26:50","slug":"bonne-reprise-a-tous","status":"publish","type":"post","link":"https:\/\/etab.ac-reunion.fr\/clg-raymond-verges\/2015\/02\/10\/bonne-reprise-a-tous\/","title":{"rendered":"Conseil d&rsquo;Administration"},"content":{"rendered":"<p>Pr\u00e9paration de la rentr\u00e9e 2015<\/p>\n<p>Dans le cadre de la pr\u00e9paration de la rentr\u00e9e scolaire, un conseil d&rsquo;Administration se r\u00e9unira le 17 f\u00e9vrier 2015 \u00e0 17 H.<\/p>\n<p>Ce C.A. adoptera la cr\u00e9ation ou suppression de poste d&rsquo;enseignants. A savoir : si le nombre de division passe de 26 \u00e0 27, l&rsquo;effectif pr\u00e9visionnel passe de 716 \u00e0 707.<\/p>\n<p>Ces travaux seront pr\u00e9par\u00e9s en Commission Permanente le jeudi 12 f\u00e9vrier et auront pour objectif de pr\u00e9voir les moyens pour l&rsquo;ann\u00e9e scolaire prochaine.<\/p>\n<p>Bon travail \u00e0 tous<\/p>\n<p>Le Principal<\/p>\n","protected":false},"excerpt":{"rendered":"<p>Pr\u00e9paration de la rentr\u00e9e 2015 Dans le cadre de la pr\u00e9paration de la rentr\u00e9e scolaire, un conseil d&rsquo;Administration se r\u00e9unira le 17 f\u00e9vrier 2015 \u00e0 17 H. Ce C.A. adoptera la cr\u00e9ation ou suppression de poste d&rsquo;enseignants. A savoir : si le nombre de division passe de 26 \u00e0 27, &hellip;<\/p>\n","protected":false},"author":37,"featured_media":0,"comment_status":"closed","ping_status":"open","sticky":false,"template":"","format":"standard","meta":{"footnotes":""},"categories":[1],"tags":[],"class_list":["post-975","post","type-post","status-publish","format-standard","hentry","category-vie-de-letablissement"],"_links":{"self":[{"href":"https:\/\/etab.ac-reunion.fr\/clg-raymond-verges\/wp-json\/wp\/v2\/posts\/975","targetHints":{"allow":["GET"]}}],"collection":[{"href":"https:\/\/etab.ac-reunion.fr\/clg-raymond-verges\/wp-json\/wp\/v2\/posts"}],"about":[{"href":"https:\/\/etab.ac-reunion.fr\/clg-raymond-verges\/wp-json\/wp\/v2\/types\/post"}],"author":[{"embeddable":true,"href":"https:\/\/etab.ac-reunion.fr\/clg-raymond-verges\/wp-json\/wp\/v2\/users\/37"}],"replies":[{"embeddable":true,"href":"https:\/\/etab.ac-reunion.fr\/clg-raymond-verges\/wp-json\/wp\/v2\/comments?post=975"}],"version-history":[{"count":4,"href":"https:\/\/etab.ac-reunion.fr\/clg-raymond-verges\/wp-json\/wp\/v2\/posts\/975\/revisions"}],"predecessor-version":[{"id":981,"href":"https:\/\/etab.ac-reunion.fr\/clg-raymond-verges\/wp-json\/wp\/v2\/posts\/975\/revisions\/981"}],"wp:attachment":[{"href":"https:\/\/etab.ac-reunion.fr\/clg-raymond-verges\/wp-json\/wp\/v2\/media?parent=975"}],"wp:term":[{"taxonomy":"category","embeddable":true,"href":"https:\/\/etab.ac-reunion.fr\/clg-raymond-verges\/wp-json\/wp\/v2\/categories?post=975"},{"taxonomy":"post_tag","embeddable":true,"href":"https:\/\/etab.ac-reunion.fr\/clg-raymond-verges\/wp-json\/wp\/v2\/tags?post=975"}],"curies":[{"name":"wp","href":"https:\/\/api.w.org\/{rel}","templated":true}]}}