{"id":995,"date":"2015-02-17T16:45:21","date_gmt":"2015-02-17T12:45:21","guid":{"rendered":"http:\/\/college-raymondverges.ac-reunion.fr\/?p=995"},"modified":"2015-02-17T16:50:53","modified_gmt":"2015-02-17T12:50:53","slug":"college-connecte-cocon","status":"publish","type":"post","link":"https:\/\/etab.ac-reunion.fr\/clg-raymond-verges\/2015\/02\/17\/college-connecte-cocon\/","title":{"rendered":"COLL\u00c8GE CONNECT\u00c9 (CoCon)"},"content":{"rendered":"<p><strong>Consultation locale sur le num\u00e9rique le jeudi 26 f\u00e9vrier 2015<\/strong><\/p>\n<p class=\"western\" align=\"justify\"><span style=\"font-family: 'Comic Sans MS', cursive\"><span style=\"font-size: small\">Notre coll\u00e8ge s\u2019est engag\u00e9 depuis peu dans l\u2019am\u00e9lioration des conditions d\u2019apprentissage et de r\u00e9ussite de ses \u00e9l\u00e8ves gr\u00e2ce au num\u00e9rique. D\u2019\u00e9normes progr\u00e8s ont \u00e9t\u00e9 r\u00e9alis\u00e9s.<\/span><\/span><\/p>\n<p class=\"western\" align=\"justify\"><span style=\"font-family: 'Comic Sans MS', cursive\"><span style=\"font-size: small\">L\u2019opportunit\u00e9 de la loi sur la refondation de l\u2019\u00e9cole faisant du num\u00e9rique une priorit\u00e9 pour la r\u00e9ussite scolaire, pour lutter contre les in\u00e9galit\u00e9s sociales et territoriales et la rupture num\u00e9rique, nous permet d\u2019aller un peu plus loin dans ce domaine.<\/span><\/span><\/p>\n<p class=\"western\" align=\"justify\"><span style=\"color: #000000\"><span style=\"font-family: 'Comic Sans MS', cursive\"><span style=\"font-size: small\">Ainsi, dans le c<\/span><\/span><\/span><span style=\"font-family: 'Comic Sans MS', cursive\"><span style=\"font-size: small\">adre de sa candidature au <\/span><\/span><span style=\"font-family: 'Comic Sans MS', cursive\"><span style=\"font-size: small\"><b>label CoCon<\/b><\/span><\/span><span style=\"font-family: 'Comic Sans MS', cursive\"><span style=\"font-size: small\">\u00a0(Coll\u00e8ges Connect\u00e9s) pour la rentr\u00e9e 2015-2016, le coll\u00e8ge Raymond Verges lance une consultation <\/span><\/span><span style=\"color: #000000\"><span style=\"font-family: 'Comic Sans MS', cursive\"><span style=\"font-size: small\">locale <\/span><\/span><\/span><span style=\"font-family: 'Comic Sans MS', cursive\"><span style=\"font-size: small\">en direction de sa communaut\u00e9 \u00e9ducative.<\/span><\/span><\/p>\n<pre class=\"western\"><span style=\"font-family: 'Comic Sans MS', cursive\"><span style=\"font-size: small\">Celle-ci s'effectue au moyen de <\/span><\/span><span style=\"font-family: 'Comic Sans MS', cursive\"><span style=\"font-size: small\"><span style=\"text-decoration: underline\">deux formulaires \u00e0 remplir<\/span><\/span><\/span><span style=\"font-family: 'Comic Sans MS', cursive\"><span style=\"font-size: small\"> (<a title=\"enquete\" href=\"https:\/\/etab.ac-reunion.fr\/clg-raymond-verges\/wp-content\/uploads\/sites\/12\/2015\/02\/enquete-pratique.pdf\" target=\"_blank\">cliquer ici<\/a>) \r\net \u00e0 retourner <\/span><\/span><span style=\"font-family: 'Comic Sans MS', cursive\"><span style=\"font-size: small\"><span style=\"text-decoration: underline\">au secr\u00e9tariat du coll\u00e8ge<\/span><\/span><\/span><span style=\"font-family: 'Comic Sans MS', cursive\"><span style=\"font-size: small\"> au plus tard\u00a0:\u00a0\r\n<\/span><\/span><b>le vendredi 20 f\u00e9vrier 2015 par la voie de \r\nleurs repr\u00e9sentants.\r\n<\/b><span style=\"font-family: 'Comic Sans MS', cursive\"><span style=\"font-size: small\">Une <\/span><\/span><span style=\"font-family: 'Comic Sans MS', cursive\"><span style=\"font-size: small\"><b>r\u00e9union de mise en commun des r\u00e9sultats de l'enqu\u00eate<\/b><\/span><\/span><span style=\"font-family: 'Comic Sans MS', cursive\"><span style=\"font-size: small\"> sera organis\u00e9e :<\/span><\/span><\/pre>\n<p class=\"western\" align=\"center\"><span style=\"font-family: 'Comic Sans MS', cursive\"><span style=\"font-size: small\"><b>le jeudi 26 f<\/b><\/span><\/span><span style=\"color: #000000\"><span style=\"font-family: 'Comic Sans MS', cursive\"><span style=\"font-size: small\"><b>\u00e9vrier 2015\u00a0<\/b><\/span><\/span><\/span><span style=\"font-family: 'Comic Sans MS', cursive\"><span style=\"font-size: small\"><b>de 17h00 \u00e0 19h00 <\/b><\/span><\/span><span style=\"color: #000000\"><span style=\"font-family: 'Comic Sans MS', cursive\"><span style=\"font-size: small\"><b>en SalleT1<\/b><\/span><\/span><\/span><\/p>\n<p class=\"western\" align=\"justify\"><span style=\"font-family: 'Comic Sans MS', cursive\"><span style=\"font-size: small\">Nous comptons vivement sur votre participation et restons \u00e0 votre \u00e9coute.<\/span><\/span><\/p>\n<p class=\"western\" align=\"justify\"><span style=\"font-family: 'Comic Sans MS', cursive\"><span style=\"font-size: small\"><b>Bien cordialement, Le Principal J.J. POSE<\/b><\/span><\/span><\/p>\n","protected":false},"excerpt":{"rendered":"<p>Consultation locale sur le num\u00e9rique le jeudi 26 f\u00e9vrier 2015 Notre coll\u00e8ge s\u2019est engag\u00e9 depuis peu dans l\u2019am\u00e9lioration des conditions d\u2019apprentissage et de r\u00e9ussite de ses \u00e9l\u00e8ves gr\u00e2ce au num\u00e9rique. D\u2019\u00e9normes progr\u00e8s ont \u00e9t\u00e9 r\u00e9alis\u00e9s. L\u2019opportunit\u00e9 de la loi sur la refondation de l\u2019\u00e9cole faisant du num\u00e9rique une priorit\u00e9 pour &hellip;<\/p>\n","protected":false},"author":37,"featured_media":0,"comment_status":"closed","ping_status":"open","sticky":false,"template":"","format":"standard","meta":{"footnotes":""},"categories":[1],"tags":[],"class_list":["post-995","post","type-post","status-publish","format-standard","hentry","category-vie-de-letablissement"],"_links":{"self":[{"href":"https:\/\/etab.ac-reunion.fr\/clg-raymond-verges\/wp-json\/wp\/v2\/posts\/995","targetHints":{"allow":["GET"]}}],"collection":[{"href":"https:\/\/etab.ac-reunion.fr\/clg-raymond-verges\/wp-json\/wp\/v2\/posts"}],"about":[{"href":"https:\/\/etab.ac-reunion.fr\/clg-raymond-verges\/wp-json\/wp\/v2\/types\/post"}],"author":[{"embeddable":true,"href":"https:\/\/etab.ac-reunion.fr\/clg-raymond-verges\/wp-json\/wp\/v2\/users\/37"}],"replies":[{"embeddable":true,"href":"https:\/\/etab.ac-reunion.fr\/clg-raymond-verges\/wp-json\/wp\/v2\/comments?post=995"}],"version-history":[{"count":5,"href":"https:\/\/etab.ac-reunion.fr\/clg-raymond-verges\/wp-json\/wp\/v2\/posts\/995\/revisions"}],"predecessor-version":[{"id":1001,"href":"https:\/\/etab.ac-reunion.fr\/clg-raymond-verges\/wp-json\/wp\/v2\/posts\/995\/revisions\/1001"}],"wp:attachment":[{"href":"https:\/\/etab.ac-reunion.fr\/clg-raymond-verges\/wp-json\/wp\/v2\/media?parent=995"}],"wp:term":[{"taxonomy":"category","embeddable":true,"href":"https:\/\/etab.ac-reunion.fr\/clg-raymond-verges\/wp-json\/wp\/v2\/categories?post=995"},{"taxonomy":"post_tag","embeddable":true,"href":"https:\/\/etab.ac-reunion.fr\/clg-raymond-verges\/wp-json\/wp\/v2\/tags?post=995"}],"curies":[{"name":"wp","href":"https:\/\/api.w.org\/{rel}","templated":true}]}}