{"id":5499,"date":"2026-04-27T09:01:17","date_gmt":"2026-04-27T05:01:17","guid":{"rendered":"https:\/\/etab.ac-reunion.fr\/clg-robert-ardon\/?p=5499"},"modified":"2026-04-27T09:01:17","modified_gmt":"2026-04-27T05:01:17","slug":"section-europeenne","status":"publish","type":"post","link":"https:\/\/etab.ac-reunion.fr\/clg-robert-ardon\/section-europeenne\/","title":{"rendered":"Section europ\u00e9enne"},"content":{"rendered":"<p>Chers parents,<\/p>\n<p>Votre enfant est en 5eme et il aime les langues. La section europ\u00e9enne est fait pour lui!<\/p>\n<p>Votre enfant peut d\u00e8s aujourd&rsquo;hui se rapprocher de son professeur d&rsquo;anglais ou d&rsquo;espagnol pour obtenir le coupon de pr\u00e9-inscription.<\/p>\n<p>Il pourra faire la demande pour la section europ\u00e9enne anglais ou la section europ\u00e9enne espagnol.<\/p>\n<p><strong>En avant pour la 4eme section europ\u00e9enne!\u00a0<\/strong><\/p>\n<a href=\"https:\/\/etab.ac-reunion.fr\/clg-robert-ardon\/wp-content\/uploads\/sites\/80\/2026\/04\/FLYER-SECTION-EURO.pdf\" class=\"pdfemb-viewer\" style=\"\" data-width=\"max\" data-height=\"max\" data-toolbar=\"both\" data-toolbar-fixed=\"on\">FLYER SECTION EURO<\/a>\n<p>&nbsp;<\/p>\n<p><em>L&rsquo;\u00e9quipe de langue reste \u00e0 votre disposition pour toute question.\u00a0<\/em><\/p>\n<!-- AddThis Advanced Settings generic via filter on the_content --><!-- AddThis Share Buttons generic via filter on the_content -->","protected":false},"excerpt":{"rendered":"<p>Chers parents, Votre enfant est en 5eme et il aime les langues. La section europ\u00e9enne est fait pour lui! Votre enfant peut d\u00e8s aujourd&rsquo;hui se rapprocher de son professeur d&rsquo;anglais ou d&rsquo;espagnol pour obtenir le coupon de pr\u00e9-inscription. Il pourra faire la demande pour la section europ\u00e9enne anglais ou la section europ\u00e9enne espagnol. En avant [&hellip;]<!-- AddThis Advanced Settings generic via filter on get_the_excerpt --><!-- AddThis Share Buttons generic via filter on get_the_excerpt --><\/p>\n","protected":false},"author":20642,"featured_media":0,"comment_status":"closed","ping_status":"closed","sticky":false,"template":"","format":"standard","meta":{"footnotes":""},"categories":[7,14,2],"tags":[],"class_list":["post-5499","post","type-post","status-publish","format-standard","hentry","category-actualites","category-langues","category-vie-du-college"],"_links":{"self":[{"href":"https:\/\/etab.ac-reunion.fr\/clg-robert-ardon\/wp-json\/wp\/v2\/posts\/5499","targetHints":{"allow":["GET"]}}],"collection":[{"href":"https:\/\/etab.ac-reunion.fr\/clg-robert-ardon\/wp-json\/wp\/v2\/posts"}],"about":[{"href":"https:\/\/etab.ac-reunion.fr\/clg-robert-ardon\/wp-json\/wp\/v2\/types\/post"}],"author":[{"embeddable":true,"href":"https:\/\/etab.ac-reunion.fr\/clg-robert-ardon\/wp-json\/wp\/v2\/users\/20642"}],"replies":[{"embeddable":true,"href":"https:\/\/etab.ac-reunion.fr\/clg-robert-ardon\/wp-json\/wp\/v2\/comments?post=5499"}],"version-history":[{"count":4,"href":"https:\/\/etab.ac-reunion.fr\/clg-robert-ardon\/wp-json\/wp\/v2\/posts\/5499\/revisions"}],"predecessor-version":[{"id":5504,"href":"https:\/\/etab.ac-reunion.fr\/clg-robert-ardon\/wp-json\/wp\/v2\/posts\/5499\/revisions\/5504"}],"wp:attachment":[{"href":"https:\/\/etab.ac-reunion.fr\/clg-robert-ardon\/wp-json\/wp\/v2\/media?parent=5499"}],"wp:term":[{"taxonomy":"category","embeddable":true,"href":"https:\/\/etab.ac-reunion.fr\/clg-robert-ardon\/wp-json\/wp\/v2\/categories?post=5499"},{"taxonomy":"post_tag","embeddable":true,"href":"https:\/\/etab.ac-reunion.fr\/clg-robert-ardon\/wp-json\/wp\/v2\/tags?post=5499"}],"curies":[{"name":"wp","href":"https:\/\/api.w.org\/{rel}","templated":true}]}}