{"id":3841,"date":"2026-04-13T13:45:53","date_gmt":"2026-04-13T11:45:53","guid":{"rendered":"https:\/\/etab.ac-reunion.fr\/clg-roquefeuil\/?p=3841"},"modified":"2026-04-13T13:45:53","modified_gmt":"2026-04-13T11:45:53","slug":"concevoir-et-programmer-une-voiture-miniature-commandee-par-une-camera-couplee-a-lintelligence-artificielle","status":"publish","type":"post","link":"https:\/\/etab.ac-reunion.fr\/clg-roquefeuil\/2026\/04\/13\/concevoir-et-programmer-une-voiture-miniature-commandee-par-une-camera-couplee-a-lintelligence-artificielle\/","title":{"rendered":"concevoir et programmer une voiture miniature command\u00e9e par une cam\u00e9ra coupl\u00e9e \u00e0 l&rsquo;intelligence artificielle"},"content":{"rendered":"\n<p>Cette ann\u00e9e, les \u00e9l\u00e8ves de Sciences de l&rsquo;Ing\u00e9nieur rel\u00e8vent un d\u00e9fi technologique. Leur objectif : concevoir et programmer une voiture miniature command\u00e9e non pas par une t\u00e9l\u00e9commande classique, mais par une <strong>cam\u00e9ra coupl\u00e9e \u00e0 l&rsquo;intelligence artificielle<\/strong>.<\/p>\n\n\n\n<p>Le principe est simple \u00e0 comprendre, mais complexe \u00e0 r\u00e9aliser. Une cam\u00e9ra, install\u00e9e directement sur la voiture, filme la piste en temps r\u00e9el. Les images capt\u00e9es sont ensuite analys\u00e9es automatiquement par un programme informatique, qui identifie le trac\u00e9 de la piste et envoie les ordres de direction au v\u00e9hicule \u2014 tout cela en une fraction de seconde, sans intervention humaine.<\/p>\n\n\n\n<p>Dans un premier temps, les \u00e9l\u00e8ves se concentrent sur <strong>la d\u00e9tection et le suivi de la piste<\/strong> gr\u00e2ce \u00e0 l&rsquo;analyse d&rsquo;image. Le programme doit \u00eatre capable de reconna\u00eetre les bords de la route, de calculer la trajectoire \u00e0 suivre et de corriger en permanence la direction de la voiture pour qu&rsquo;elle reste bien sur la voie.<\/p>\n\n\n\n<p>Ce projet m\u00eale plusieurs disciplines : <strong>programmation<\/strong>, <strong>\u00e9lectronique<\/strong>, <strong>traitement de l&rsquo;image<\/strong> et <strong>intelligence artificielle<\/strong>. Il permet aux \u00e9l\u00e8ves de d\u00e9couvrir concr\u00e8tement des technologies utilis\u00e9es aujourd&rsquo;hui dans les v\u00e9hicules autonomes, les drones ou encore les robots industriels.v<\/p>\n\n\n\n<figure class=\"wp-block-gallery has-nested-images columns-default is-cropped wp-block-gallery-1 is-layout-flex wp-block-gallery-is-layout-flex\">\n<figure class=\"wp-block-image size-large\"><img loading=\"lazy\" decoding=\"async\" width=\"480\" height=\"640\" data-id=\"3842\" src=\"https:\/\/etab.ac-reunion.fr\/clg-roquefeuil\/wp-content\/uploads\/sites\/159\/2026\/04\/IMG_6235-rotated.jpeg\" alt=\"\" class=\"wp-image-3842\" srcset=\"https:\/\/etab.ac-reunion.fr\/clg-roquefeuil\/wp-content\/uploads\/sites\/159\/2026\/04\/IMG_6235-rotated.jpeg 480w, https:\/\/etab.ac-reunion.fr\/clg-roquefeuil\/wp-content\/uploads\/sites\/159\/2026\/04\/IMG_6235-225x300.jpeg 225w, https:\/\/etab.ac-reunion.fr\/clg-roquefeuil\/wp-content\/uploads\/sites\/159\/2026\/04\/IMG_6235-150x200.jpeg 150w\" sizes=\"auto, (max-width: 480px) 100vw, 480px\" \/><\/figure>\n\n\n\n<figure class=\"wp-block-image size-large\"><img loading=\"lazy\" decoding=\"async\" width=\"480\" height=\"640\" data-id=\"3843\" src=\"https:\/\/etab.ac-reunion.fr\/clg-roquefeuil\/wp-content\/uploads\/sites\/159\/2026\/04\/IMG_6234-rotated.jpeg\" alt=\"\" class=\"wp-image-3843\" srcset=\"https:\/\/etab.ac-reunion.fr\/clg-roquefeuil\/wp-content\/uploads\/sites\/159\/2026\/04\/IMG_6234-rotated.jpeg 480w, https:\/\/etab.ac-reunion.fr\/clg-roquefeuil\/wp-content\/uploads\/sites\/159\/2026\/04\/IMG_6234-225x300.jpeg 225w, https:\/\/etab.ac-reunion.fr\/clg-roquefeuil\/wp-content\/uploads\/sites\/159\/2026\/04\/IMG_6234-150x200.jpeg 150w\" sizes=\"auto, (max-width: 480px) 100vw, 480px\" \/><\/figure>\n<\/figure>\n","protected":false},"excerpt":{"rendered":"<p>Cette ann\u00e9e, les \u00e9l\u00e8ves de Sciences de l&rsquo;Ing\u00e9nieur rel\u00e8vent un d\u00e9fi technologique. Leur objectif : concevoir et programmer une voiture miniature command\u00e9e non pas par une t\u00e9l\u00e9commande classique, mais par une cam\u00e9ra coupl\u00e9e \u00e0 l&rsquo;intelligence artificielle. Le principe est simple \u00e0 comprendre, mais complexe \u00e0 r\u00e9aliser. Une cam\u00e9ra, install\u00e9e directement &hellip;<\/p>\n","protected":false},"author":16601,"featured_media":3843,"comment_status":"closed","ping_status":"closed","sticky":false,"template":"","format":"standard","meta":{"footnotes":"","_links_to":"","_links_to_target":""},"categories":[1,15],"tags":[],"class_list":["post-3841","post","type-post","status-publish","format-standard","has-post-thumbnail","hentry","category-actualites","category-technologie"],"_links":{"self":[{"href":"https:\/\/etab.ac-reunion.fr\/clg-roquefeuil\/wp-json\/wp\/v2\/posts\/3841","targetHints":{"allow":["GET"]}}],"collection":[{"href":"https:\/\/etab.ac-reunion.fr\/clg-roquefeuil\/wp-json\/wp\/v2\/posts"}],"about":[{"href":"https:\/\/etab.ac-reunion.fr\/clg-roquefeuil\/wp-json\/wp\/v2\/types\/post"}],"author":[{"embeddable":true,"href":"https:\/\/etab.ac-reunion.fr\/clg-roquefeuil\/wp-json\/wp\/v2\/users\/16601"}],"replies":[{"embeddable":true,"href":"https:\/\/etab.ac-reunion.fr\/clg-roquefeuil\/wp-json\/wp\/v2\/comments?post=3841"}],"version-history":[{"count":1,"href":"https:\/\/etab.ac-reunion.fr\/clg-roquefeuil\/wp-json\/wp\/v2\/posts\/3841\/revisions"}],"predecessor-version":[{"id":3844,"href":"https:\/\/etab.ac-reunion.fr\/clg-roquefeuil\/wp-json\/wp\/v2\/posts\/3841\/revisions\/3844"}],"wp:featuredmedia":[{"embeddable":true,"href":"https:\/\/etab.ac-reunion.fr\/clg-roquefeuil\/wp-json\/wp\/v2\/media\/3843"}],"wp:attachment":[{"href":"https:\/\/etab.ac-reunion.fr\/clg-roquefeuil\/wp-json\/wp\/v2\/media?parent=3841"}],"wp:term":[{"taxonomy":"category","embeddable":true,"href":"https:\/\/etab.ac-reunion.fr\/clg-roquefeuil\/wp-json\/wp\/v2\/categories?post=3841"},{"taxonomy":"post_tag","embeddable":true,"href":"https:\/\/etab.ac-reunion.fr\/clg-roquefeuil\/wp-json\/wp\/v2\/tags?post=3841"}],"curies":[{"name":"wp","href":"https:\/\/api.w.org\/{rel}","templated":true}]}}