{"id":3848,"date":"2026-04-19T15:45:21","date_gmt":"2026-04-19T13:45:21","guid":{"rendered":"https:\/\/etab.ac-reunion.fr\/clg-roquefeuil\/?p=3848"},"modified":"2026-04-19T17:14:13","modified_gmt":"2026-04-19T15:14:13","slug":"la-troisieme-prepa-metiers-et-le-forum-des-metiers","status":"publish","type":"post","link":"https:\/\/etab.ac-reunion.fr\/clg-roquefeuil\/2026\/04\/19\/la-troisieme-prepa-metiers-et-le-forum-des-metiers\/","title":{"rendered":"La Troisi\u00e8me Pr\u00e9pa-M\u00e9tiers et le Forum des M\u00e9tiers"},"content":{"rendered":"\n<div class=\"wp-block-cover\"><img loading=\"lazy\" decoding=\"async\" width=\"1024\" height=\"683\" class=\"wp-block-cover__image-background wp-image-3845 size-large\" alt=\"\" src=\"https:\/\/etab.ac-reunion.fr\/clg-roquefeuil\/wp-content\/uploads\/sites\/159\/2026\/04\/2026-19-avril-3PM-Forum-01-1024x683.png\" data-object-fit=\"cover\" srcset=\"https:\/\/etab.ac-reunion.fr\/clg-roquefeuil\/wp-content\/uploads\/sites\/159\/2026\/04\/2026-19-avril-3PM-Forum-01-1024x683.png 1024w, https:\/\/etab.ac-reunion.fr\/clg-roquefeuil\/wp-content\/uploads\/sites\/159\/2026\/04\/2026-19-avril-3PM-Forum-01-300x200.png 300w, https:\/\/etab.ac-reunion.fr\/clg-roquefeuil\/wp-content\/uploads\/sites\/159\/2026\/04\/2026-19-avril-3PM-Forum-01-768x512.png 768w, https:\/\/etab.ac-reunion.fr\/clg-roquefeuil\/wp-content\/uploads\/sites\/159\/2026\/04\/2026-19-avril-3PM-Forum-01.png 1536w\" sizes=\"auto, (max-width: 1024px) 100vw, 1024px\" \/><span aria-hidden=\"true\" class=\"wp-block-cover__background has-background-dim\" style=\"background-color:#937a5a\"><\/span><div class=\"wp-block-cover__inner-container is-layout-constrained wp-block-cover-is-layout-constrained\">\n<p class=\"has-text-align-center has-larger-font-size\">La Troisi\u00e8me Pr\u00e9pa-M\u00e9tiers et le Forum des M\u00e9tiers<\/p>\n<\/div><\/div>\n\n\n\n<p class=\"has-text-align-center has-luminous-dusk-gradient-background has-background\">La classe de Troisi\u00e8me Pr\u00e9pa-M\u00e9tiers du\u00a0Coll\u00e8ge Camille Joseph de Roquefeuil\u00a0s\u2019affirme aujourd\u2019hui comme une v\u00e9ritable voie d\u2019avenir : une formation dynamique, concr\u00e8te et valorisante, qui permet aux \u00e9l\u00e8ves de d\u00e9couvrir le monde professionnel tout en d\u00e9veloppant des comp\u00e9tences solides. Le 17 avril, lors du forum des m\u00e9tiers organis\u00e9 pour les classes de quatri\u00e8me, les \u00e9l\u00e8ves de 3PM ont montr\u00e9 qu\u2019ils \u00e9taient de v\u00e9ritables acteurs engag\u00e9s dans la r\u00e9ussite collective.<\/p>\n\n\n\n<p class=\"has-text-align-center\">Tout au long de cette journ\u00e9e, ils ont endoss\u00e9 un r\u00f4le d\u2019adulte avec s\u00e9rieux et implication. Form\u00e9s et encadr\u00e9s par\u00a0Madame Pulou,\u00a0M. Mauffrey\u00a0et\u00a0M. Roland, ils ont accompagn\u00e9 les intervenants venus pr\u00e9senter leur m\u00e9tier, assur\u00e9 diff\u00e9rents services logistiques, guid\u00e9 les classes de quatri\u00e8me et m\u00eame pr\u00e9sent\u00e9 leur propre parcours pour susciter des vocations. Habill\u00e9s de leur tenue de D\u00e9couverte Professionnelle, ils ont fait preuve d\u2019un grand professionnalisme, en g\u00e9rant l\u2019organisation, le respect des horaires et le suivi du planning avec efficacit\u00e9 et rigueur.<\/p>\n\n\n\n<p class=\"has-text-align-center\">Au-del\u00e0 de l\u2019\u00e9v\u00e9nement, cette exp\u00e9rience a permis aux \u00e9l\u00e8ves de mobiliser des comp\u00e9tences essentielles. Ils se sont investis dans un projet collectif concret, ont respect\u00e9 les r\u00e8gles et les contraintes d\u2019organisation, et ont d\u00e9velopp\u00e9 leur sens de l\u2019accueil et de la communication. En accompagnant les \u00e9l\u00e8ves de quatri\u00e8me dans leur travail, ils ont \u00e9galement pris conscience de leur r\u00f4le de mod\u00e8le, renfor\u00e7ant ainsi leur confiance et leur sens des responsabilit\u00e9s.<\/p>\n\n\n\n<p class=\"has-text-align-center\">Les \u00e9l\u00e8ves eux-m\u00eames en t\u00e9moignent : ils sont fiers d\u2019avoir contribu\u00e9 au bon d\u00e9roulement du forum et d\u2019avoir particip\u00e9 activement \u00e0 son organisation. Ils ont compris que chaque exp\u00e9rience est une occasion de progresser, en prenant le temps d\u2019analyser et d\u2019am\u00e9liorer le dispositif en fin de journ\u00e9e.<\/p>\n\n\n<div class=\"wp-block-image\">\n<figure class=\"aligncenter size-large\"><img loading=\"lazy\" decoding=\"async\" width=\"1024\" height=\"683\" src=\"https:\/\/etab.ac-reunion.fr\/clg-roquefeuil\/wp-content\/uploads\/sites\/159\/2026\/04\/2026-19-avril-3PM-Forum-01-1024x683.png\" alt=\"\" class=\"wp-image-3845\" srcset=\"https:\/\/etab.ac-reunion.fr\/clg-roquefeuil\/wp-content\/uploads\/sites\/159\/2026\/04\/2026-19-avril-3PM-Forum-01-1024x683.png 1024w, https:\/\/etab.ac-reunion.fr\/clg-roquefeuil\/wp-content\/uploads\/sites\/159\/2026\/04\/2026-19-avril-3PM-Forum-01-300x200.png 300w, https:\/\/etab.ac-reunion.fr\/clg-roquefeuil\/wp-content\/uploads\/sites\/159\/2026\/04\/2026-19-avril-3PM-Forum-01-768x512.png 768w, https:\/\/etab.ac-reunion.fr\/clg-roquefeuil\/wp-content\/uploads\/sites\/159\/2026\/04\/2026-19-avril-3PM-Forum-01.png 1536w\" sizes=\"auto, (max-width: 1024px) 100vw, 1024px\" \/><\/figure>\n<\/div>\n\n<div class=\"wp-block-image\">\n<figure class=\"aligncenter size-large\"><img loading=\"lazy\" decoding=\"async\" width=\"1024\" height=\"683\" src=\"https:\/\/etab.ac-reunion.fr\/clg-roquefeuil\/wp-content\/uploads\/sites\/159\/2026\/04\/2026-19-avril-3PM-Forum-02-1024x683.png\" alt=\"\" class=\"wp-image-3846\" srcset=\"https:\/\/etab.ac-reunion.fr\/clg-roquefeuil\/wp-content\/uploads\/sites\/159\/2026\/04\/2026-19-avril-3PM-Forum-02-1024x683.png 1024w, https:\/\/etab.ac-reunion.fr\/clg-roquefeuil\/wp-content\/uploads\/sites\/159\/2026\/04\/2026-19-avril-3PM-Forum-02-300x200.png 300w, https:\/\/etab.ac-reunion.fr\/clg-roquefeuil\/wp-content\/uploads\/sites\/159\/2026\/04\/2026-19-avril-3PM-Forum-02-768x512.png 768w, https:\/\/etab.ac-reunion.fr\/clg-roquefeuil\/wp-content\/uploads\/sites\/159\/2026\/04\/2026-19-avril-3PM-Forum-02.png 1536w\" sizes=\"auto, (max-width: 1024px) 100vw, 1024px\" \/><\/figure>\n<\/div>\n\n\n<p class=\"has-text-align-center has-luminous-dusk-gradient-background has-background\">En conclusion, la 3PM appara\u00eet comme une formation concr\u00e8te, valorisante et tourn\u00e9e vers l\u2019avenir. Elle permet aux \u00e9l\u00e8ves de s\u2019impliquer, de gagner en autonomie et de se pr\u00e9parer efficacement \u00e0 leur orientation. Une voie exigeante, mais surtout enrichissante, qui m\u00e9rite d\u2019\u00eatre d\u00e9couverte et choisie par les futurs \u00e9l\u00e8ves se destinant \u00e0 la voie professionnelle.<\/p>\n\n\n\n<p><\/p>\n","protected":false},"excerpt":{"rendered":"<p>La classe de Troisi\u00e8me Pr\u00e9pa-M\u00e9tiers du\u00a0Coll\u00e8ge Camille Joseph de Roquefeuil\u00a0s\u2019affirme aujourd\u2019hui comme une v\u00e9ritable voie d\u2019avenir : une formation dynamique, concr\u00e8te et valorisante, qui permet aux \u00e9l\u00e8ves de d\u00e9couvrir le monde professionnel tout en d\u00e9veloppant des comp\u00e9tences solides. Le 17 avril, lors du forum des m\u00e9tiers organis\u00e9 pour les classes &hellip;<\/p>\n","protected":false},"author":1886,"featured_media":3845,"comment_status":"closed","ping_status":"closed","sticky":false,"template":"","format":"standard","meta":{"footnotes":"","_links_to":"","_links_to_target":""},"categories":[1,12],"tags":[143,144,140,97,100,141,142],"class_list":["post-3848","post","type-post","status-publish","format-standard","has-post-thumbnail","hentry","category-actualites","category-histoire-geographie","tag-forum","tag-metiers","tag-orientation","tag-parcours-avenir","tag-prepa-metiers","tag-professionnel","tag-voie-professionnelle"],"_links":{"self":[{"href":"https:\/\/etab.ac-reunion.fr\/clg-roquefeuil\/wp-json\/wp\/v2\/posts\/3848","targetHints":{"allow":["GET"]}}],"collection":[{"href":"https:\/\/etab.ac-reunion.fr\/clg-roquefeuil\/wp-json\/wp\/v2\/posts"}],"about":[{"href":"https:\/\/etab.ac-reunion.fr\/clg-roquefeuil\/wp-json\/wp\/v2\/types\/post"}],"author":[{"embeddable":true,"href":"https:\/\/etab.ac-reunion.fr\/clg-roquefeuil\/wp-json\/wp\/v2\/users\/1886"}],"replies":[{"embeddable":true,"href":"https:\/\/etab.ac-reunion.fr\/clg-roquefeuil\/wp-json\/wp\/v2\/comments?post=3848"}],"version-history":[{"count":2,"href":"https:\/\/etab.ac-reunion.fr\/clg-roquefeuil\/wp-json\/wp\/v2\/posts\/3848\/revisions"}],"predecessor-version":[{"id":3852,"href":"https:\/\/etab.ac-reunion.fr\/clg-roquefeuil\/wp-json\/wp\/v2\/posts\/3848\/revisions\/3852"}],"wp:featuredmedia":[{"embeddable":true,"href":"https:\/\/etab.ac-reunion.fr\/clg-roquefeuil\/wp-json\/wp\/v2\/media\/3845"}],"wp:attachment":[{"href":"https:\/\/etab.ac-reunion.fr\/clg-roquefeuil\/wp-json\/wp\/v2\/media?parent=3848"}],"wp:term":[{"taxonomy":"category","embeddable":true,"href":"https:\/\/etab.ac-reunion.fr\/clg-roquefeuil\/wp-json\/wp\/v2\/categories?post=3848"},{"taxonomy":"post_tag","embeddable":true,"href":"https:\/\/etab.ac-reunion.fr\/clg-roquefeuil\/wp-json\/wp\/v2\/tags?post=3848"}],"curies":[{"name":"wp","href":"https:\/\/api.w.org\/{rel}","templated":true}]}}