{"id":3853,"date":"2026-04-24T09:33:22","date_gmt":"2026-04-24T07:33:22","guid":{"rendered":"https:\/\/etab.ac-reunion.fr\/clg-roquefeuil\/?p=3853"},"modified":"2026-04-24T09:34:41","modified_gmt":"2026-04-24T07:34:41","slug":"apprentissage-de-la-modelisation-3d","status":"publish","type":"post","link":"https:\/\/etab.ac-reunion.fr\/clg-roquefeuil\/2026\/04\/24\/apprentissage-de-la-modelisation-3d\/","title":{"rendered":"Apprentissage de la mod\u00e9lisation 3D"},"content":{"rendered":"\n<p>Les \u00e9l\u00e8ves de 5e ont d\u00e9but\u00e9 en technologie l\u2019apprentissage de la mod\u00e9lisation 3D. \u00c0 l\u2019aide d\u2019un logiciel de conception assist\u00e9e par ordinateur, ils d\u00e9couvrent comment imaginer, concevoir et repr\u00e9senter des objets en trois dimensions.<\/p>\n\n\n\n<p>Cette activit\u00e9 leur permet de d\u00e9velopper leur cr\u00e9ativit\u00e9, leur pr\u00e9cision ainsi que leur ma\u00eetrise des outils num\u00e9riques. Une  fa\u00e7on d\u2019aborder concr\u00e8tement la conception d\u2019objets techniques et de pr\u00e9parer les projets \u00e0 venir<\/p>\n\n\n\n<figure class=\"wp-block-gallery has-nested-images columns-default is-cropped wp-block-gallery-1 is-layout-flex wp-block-gallery-is-layout-flex\">\n<figure class=\"wp-block-image size-large\"><img loading=\"lazy\" decoding=\"async\" width=\"480\" height=\"640\" data-id=\"3854\" src=\"https:\/\/etab.ac-reunion.fr\/clg-roquefeuil\/wp-content\/uploads\/sites\/159\/2026\/04\/IMG_6266-rotated.jpeg\" alt=\"\" class=\"wp-image-3854\" srcset=\"https:\/\/etab.ac-reunion.fr\/clg-roquefeuil\/wp-content\/uploads\/sites\/159\/2026\/04\/IMG_6266-rotated.jpeg 480w, https:\/\/etab.ac-reunion.fr\/clg-roquefeuil\/wp-content\/uploads\/sites\/159\/2026\/04\/IMG_6266-225x300.jpeg 225w, https:\/\/etab.ac-reunion.fr\/clg-roquefeuil\/wp-content\/uploads\/sites\/159\/2026\/04\/IMG_6266-150x200.jpeg 150w\" sizes=\"auto, (max-width: 480px) 100vw, 480px\" \/><\/figure>\n\n\n\n<figure class=\"wp-block-image size-large\"><img loading=\"lazy\" decoding=\"async\" width=\"480\" height=\"640\" data-id=\"3855\" src=\"https:\/\/etab.ac-reunion.fr\/clg-roquefeuil\/wp-content\/uploads\/sites\/159\/2026\/04\/IMG_6267-rotated.jpeg\" alt=\"\" class=\"wp-image-3855\" srcset=\"https:\/\/etab.ac-reunion.fr\/clg-roquefeuil\/wp-content\/uploads\/sites\/159\/2026\/04\/IMG_6267-rotated.jpeg 480w, https:\/\/etab.ac-reunion.fr\/clg-roquefeuil\/wp-content\/uploads\/sites\/159\/2026\/04\/IMG_6267-225x300.jpeg 225w, https:\/\/etab.ac-reunion.fr\/clg-roquefeuil\/wp-content\/uploads\/sites\/159\/2026\/04\/IMG_6267-150x200.jpeg 150w\" sizes=\"auto, (max-width: 480px) 100vw, 480px\" \/><\/figure>\n<\/figure>\n","protected":false},"excerpt":{"rendered":"<p>Les \u00e9l\u00e8ves de 5e ont d\u00e9but\u00e9 en technologie l\u2019apprentissage de la mod\u00e9lisation 3D. \u00c0 l\u2019aide d\u2019un logiciel de conception assist\u00e9e par ordinateur, ils d\u00e9couvrent comment imaginer, concevoir et repr\u00e9senter des objets en trois dimensions. Cette activit\u00e9 leur permet de d\u00e9velopper leur cr\u00e9ativit\u00e9, leur pr\u00e9cision ainsi que leur ma\u00eetrise des outils &hellip;<\/p>\n","protected":false},"author":16601,"featured_media":3854,"comment_status":"closed","ping_status":"closed","sticky":false,"template":"","format":"standard","meta":{"footnotes":"","_links_to":"","_links_to_target":""},"categories":[1,15],"tags":[],"class_list":["post-3853","post","type-post","status-publish","format-standard","has-post-thumbnail","hentry","category-actualites","category-technologie"],"_links":{"self":[{"href":"https:\/\/etab.ac-reunion.fr\/clg-roquefeuil\/wp-json\/wp\/v2\/posts\/3853","targetHints":{"allow":["GET"]}}],"collection":[{"href":"https:\/\/etab.ac-reunion.fr\/clg-roquefeuil\/wp-json\/wp\/v2\/posts"}],"about":[{"href":"https:\/\/etab.ac-reunion.fr\/clg-roquefeuil\/wp-json\/wp\/v2\/types\/post"}],"author":[{"embeddable":true,"href":"https:\/\/etab.ac-reunion.fr\/clg-roquefeuil\/wp-json\/wp\/v2\/users\/16601"}],"replies":[{"embeddable":true,"href":"https:\/\/etab.ac-reunion.fr\/clg-roquefeuil\/wp-json\/wp\/v2\/comments?post=3853"}],"version-history":[{"count":2,"href":"https:\/\/etab.ac-reunion.fr\/clg-roquefeuil\/wp-json\/wp\/v2\/posts\/3853\/revisions"}],"predecessor-version":[{"id":3857,"href":"https:\/\/etab.ac-reunion.fr\/clg-roquefeuil\/wp-json\/wp\/v2\/posts\/3853\/revisions\/3857"}],"wp:featuredmedia":[{"embeddable":true,"href":"https:\/\/etab.ac-reunion.fr\/clg-roquefeuil\/wp-json\/wp\/v2\/media\/3854"}],"wp:attachment":[{"href":"https:\/\/etab.ac-reunion.fr\/clg-roquefeuil\/wp-json\/wp\/v2\/media?parent=3853"}],"wp:term":[{"taxonomy":"category","embeddable":true,"href":"https:\/\/etab.ac-reunion.fr\/clg-roquefeuil\/wp-json\/wp\/v2\/categories?post=3853"},{"taxonomy":"post_tag","embeddable":true,"href":"https:\/\/etab.ac-reunion.fr\/clg-roquefeuil\/wp-json\/wp\/v2\/tags?post=3853"}],"curies":[{"name":"wp","href":"https:\/\/api.w.org\/{rel}","templated":true}]}}