{"id":3885,"date":"2026-04-26T13:21:19","date_gmt":"2026-04-26T11:21:19","guid":{"rendered":"https:\/\/etab.ac-reunion.fr\/clg-roquefeuil\/?p=3885"},"modified":"2026-04-26T13:23:07","modified_gmt":"2026-04-26T11:23:07","slug":"yaelle-finaliste-du-concours-france-televisions","status":"publish","type":"post","link":"https:\/\/etab.ac-reunion.fr\/clg-roquefeuil\/2026\/04\/26\/yaelle-finaliste-du-concours-france-televisions\/","title":{"rendered":"Ya\u00eblle, finaliste du concours France T\u00e9l\u00e9visions"},"content":{"rendered":"<div class=\"wp-block-image\">\n<figure class=\"aligncenter size-full is-resized\"><img loading=\"lazy\" decoding=\"async\" width=\"933\" height=\"569\" src=\"https:\/\/etab.ac-reunion.fr\/clg-roquefeuil\/wp-content\/uploads\/sites\/159\/2026\/04\/image-1.png\" alt=\"\" class=\"wp-image-3886\" style=\"aspect-ratio:1.6397353866175035;width:771px;height:auto\" srcset=\"https:\/\/etab.ac-reunion.fr\/clg-roquefeuil\/wp-content\/uploads\/sites\/159\/2026\/04\/image-1.png 933w, https:\/\/etab.ac-reunion.fr\/clg-roquefeuil\/wp-content\/uploads\/sites\/159\/2026\/04\/image-1-300x183.png 300w, https:\/\/etab.ac-reunion.fr\/clg-roquefeuil\/wp-content\/uploads\/sites\/159\/2026\/04\/image-1-768x468.png 768w, https:\/\/etab.ac-reunion.fr\/clg-roquefeuil\/wp-content\/uploads\/sites\/159\/2026\/04\/image-1-328x200.png 328w\" sizes=\"auto, (max-width: 933px) 100vw, 933px\" \/><\/figure>\n<\/div>\n\n\n<p><\/p>\n\n\n\n<p>La sonnerie du t\u00e9l\u00e9phone retentit. \u00ab&nbsp;<em>Vous \u00eates Madame Nathalie Sorondo&nbsp;? J\u2019ai le plaisir de vous annoncer que Ya\u00eblle, votre \u00e9l\u00e8ve, est s\u00e9lectionn\u00e9e pour la finale \u00e0 Paris.<\/em>&nbsp;\u00bb Instant magique, suspendu dans le temps. La nouvelle est incroyable, magnifique et force l\u2019admiration. Du haut de ses 13 ans, <strong>Ya\u00eblle <\/strong><strong>LOGEAT BELMATOUG<\/strong>, \u00e9l\u00e8ve de <strong>401<\/strong>, a brillamment r\u00e9ussi les diff\u00e9rentes s\u00e9lections du <em>concours national de lecture \u00e0 voix haute<\/em> organis\u00e9 par France T\u00e9l\u00e9visions en partenariat avec le Minist\u00e8re de l\u2019Education Nationale. Elle &nbsp;sera donc <strong>en finale, \u00e0 Paris, le 2 juin prochain<\/strong>. Je remercie tr\u00e8s sinc\u00e8rement le jury acad\u00e9mique de La R\u00e9union de lui avoir fait confiance<strong>.<\/strong><\/p>\n\n\n\n<p>Ils \u00e9taient 100 000 \u00e9l\u00e8ves inscrits dans toute la France, DOM, TOM et lyc\u00e9es fran\u00e7ais \u00e0 l\u2019\u00e9tranger\u2026 ils sont d\u00e9sormais 9. Le vainqueur remportera <strong>le troph\u00e9e du meilleur lecteur ou de la meilleure lectrice de France.<\/strong> Le concours sera retransmis sur France 5, \u00e0 21H, dans le courant du mois de juin. En attendant, <a href=\"https:\/\/www.lumni.fr\/dossier\/les-finalistes-du-concours-de-lecture-a-voix-haute\">la lecture de Ya\u00eblle est accessible sur LUMNI<\/a>, le site internet partenaire.<\/p>\n\n\n\n<p>L\u2019ensemble du coll\u00e8ge Roquefeuil lui souhaite <strong>BONNE CHANCE<\/strong> pour la suite de cette merveilleuse aventure. Nous sommes TOUS derri\u00e8re elle et avec elle.<\/p>\n\n\n\n<p><\/p>\n\n\n\n<p><strong>Pour voir les articles de l&rsquo;aventure qui a commenc\u00e9 en f\u00e9vrier :<\/strong><\/p>\n\n\n\n<p> <a href=\"https:\/\/etab.ac-reunion.fr\/clg-roquefeuil\/2026\/02\/08\/concours-france-televisions-elles-se-sont-lancees\/\">Concours France T\u00e9l\u00e9visions \/ Elles se sont lanc\u00e9es\u00a0!<\/a> ;<\/p>\n\n\n\n<p><a href=\"https:\/\/etab.ac-reunion.fr\/clg-roquefeuil\/2026\/04\/11\/demi-finalistes-du-concours-france-televisions\/\">Demi-finalistes du concours France T\u00e9l\u00e9visions<\/a>\u00a0\u00a0\u00a0\u00a0\u00a0\u00a0\u00a0\u00a0\u00a0\u00a0\u00a0\u00a0\u00a0\u00a0\u00a0\u00a0\u00a0\u00a0\u00a0\u00a0\u00a0\u00a0\u00a0\u00a0\u00a0\u00a0\u00a0\u00a0\u00a0\u00a0\u00a0\u00a0\u00a0\u00a0\u00a0\u00a0\u00a0\u00a0\u00a0\u00a0\u00a0\u00a0\u00a0\u00a0\u00a0\u00a0\u00a0\u00a0\u00a0\u00a0\u00a0\u00a0\u00a0\u00a0\u00a0\u00a0\u00a0\u00a0\u00a0\u00a0\u00a0\u00a0\u00a0<\/p>\n\n\n\n<p class=\"has-text-align-right\"><strong>Nathalie Sorondo, professeure de fran\u00e7ais <\/strong>(\u00e0 l\u2019entra\u00eenement)<strong> et Christophe Guillemot <\/strong>(\u00e0 la vid\u00e9o et au montage)<\/p>\n\n\n\n<p><\/p>\n","protected":false},"excerpt":{"rendered":"<p>La sonnerie du t\u00e9l\u00e9phone retentit. \u00ab&nbsp;Vous \u00eates Madame Nathalie Sorondo&nbsp;? J\u2019ai le plaisir de vous annoncer que Ya\u00eblle, votre \u00e9l\u00e8ve, est s\u00e9lectionn\u00e9e pour la finale \u00e0 Paris.&nbsp;\u00bb Instant magique, suspendu dans le temps. La nouvelle est incroyable, magnifique et force l\u2019admiration. Du haut de ses 13 ans, Ya\u00eblle LOGEAT BELMATOUG, &hellip;<\/p>\n","protected":false},"author":10035,"featured_media":3886,"comment_status":"closed","ping_status":"closed","sticky":false,"template":"","format":"standard","meta":{"footnotes":"","_links_to":"","_links_to_target":""},"categories":[1,44,4],"tags":[],"class_list":["post-3885","post","type-post","status-publish","format-standard","has-post-thumbnail","hentry","category-actualites","category-cultureroque","category-francais"],"_links":{"self":[{"href":"https:\/\/etab.ac-reunion.fr\/clg-roquefeuil\/wp-json\/wp\/v2\/posts\/3885","targetHints":{"allow":["GET"]}}],"collection":[{"href":"https:\/\/etab.ac-reunion.fr\/clg-roquefeuil\/wp-json\/wp\/v2\/posts"}],"about":[{"href":"https:\/\/etab.ac-reunion.fr\/clg-roquefeuil\/wp-json\/wp\/v2\/types\/post"}],"author":[{"embeddable":true,"href":"https:\/\/etab.ac-reunion.fr\/clg-roquefeuil\/wp-json\/wp\/v2\/users\/10035"}],"replies":[{"embeddable":true,"href":"https:\/\/etab.ac-reunion.fr\/clg-roquefeuil\/wp-json\/wp\/v2\/comments?post=3885"}],"version-history":[{"count":3,"href":"https:\/\/etab.ac-reunion.fr\/clg-roquefeuil\/wp-json\/wp\/v2\/posts\/3885\/revisions"}],"predecessor-version":[{"id":3890,"href":"https:\/\/etab.ac-reunion.fr\/clg-roquefeuil\/wp-json\/wp\/v2\/posts\/3885\/revisions\/3890"}],"wp:featuredmedia":[{"embeddable":true,"href":"https:\/\/etab.ac-reunion.fr\/clg-roquefeuil\/wp-json\/wp\/v2\/media\/3886"}],"wp:attachment":[{"href":"https:\/\/etab.ac-reunion.fr\/clg-roquefeuil\/wp-json\/wp\/v2\/media?parent=3885"}],"wp:term":[{"taxonomy":"category","embeddable":true,"href":"https:\/\/etab.ac-reunion.fr\/clg-roquefeuil\/wp-json\/wp\/v2\/categories?post=3885"},{"taxonomy":"post_tag","embeddable":true,"href":"https:\/\/etab.ac-reunion.fr\/clg-roquefeuil\/wp-json\/wp\/v2\/tags?post=3885"}],"curies":[{"name":"wp","href":"https:\/\/api.w.org\/{rel}","templated":true}]}}