{"id":3891,"date":"2026-04-28T14:15:26","date_gmt":"2026-04-28T12:15:26","guid":{"rendered":"https:\/\/etab.ac-reunion.fr\/clg-roquefeuil\/?p=3891"},"modified":"2026-04-28T14:15:26","modified_gmt":"2026-04-28T12:15:26","slug":"nos-eleves-de-3eme-a-la-finale-du-concours-academique-de-technologie","status":"publish","type":"post","link":"https:\/\/etab.ac-reunion.fr\/clg-roquefeuil\/2026\/04\/28\/nos-eleves-de-3eme-a-la-finale-du-concours-academique-de-technologie\/","title":{"rendered":"Nos \u00e9l\u00e8ves de 3\u00e8me \u00e0 la finale du Concours Acad\u00e9mique de Technologie !"},"content":{"rendered":"\n<p>Ce <strong>mardi 24 avril 2026<\/strong>, l&rsquo;ing\u00e9niosit\u00e9 \u00e9tait au rendez-vous. Les \u00e9l\u00e8ves de <strong>3\u00e8me option \u00ab\u00a0Sciences de l&rsquo;Ing\u00e9nieur\u00a0\u00bb<\/strong> ont fi\u00e8rement repr\u00e9sent\u00e9 notre coll\u00e8ge lors de la finale du <strong>Concours Acad\u00e9mique de Technologie (CAT)<\/strong>.<\/p>\n\n\n\n<p>Apr\u00e8s des semaines de pr\u00e9paration intense, nos jeunes technologues ont d\u00fb faire face \u00e0 un d\u00e9fi de taille.<\/p>\n\n\n\n<h3 class=\"wp-block-heading\">\ud83d\udd2c Le d\u00e9fi : Le syst\u00e8me de r\u00e9chauffement de la canne<\/h3>\n\n\n\n<p>Le sujet de cette ann\u00e9e portait sur une probl\u00e9matique locale et technique : optimiser ou concevoir un <strong>syst\u00e8me de r\u00e9chauffement de la canne \u00e0 sucre<\/strong>. Un enjeu r\u00e9el pour l&rsquo;industrie, demandant de la pr\u00e9cision et une vision globale.<\/p>\n\n\n\n<p>Pour r\u00e9ussir, les \u00e9l\u00e8ves ont travaill\u00e9 en \u00e9quipe autour de trois axes majeurs :<\/p>\n\n\n\n<ul class=\"wp-block-list\">\n<li><strong>Programmation :<\/strong> Cr\u00e9ation d&rsquo;algorithmes pour piloter le syst\u00e8me et automatiser la gestion de la temp\u00e9rature.<\/li>\n\n\n\n<li><strong>Mod\u00e9lisation 3D :<\/strong> Conception num\u00e9rique des pi\u00e8ces pour visualiser le prototype et tester son ergonomie.<\/li>\n\n\n\n<li><strong>Calculs scientifiques :<\/strong> \u00c9tudes thermiques et \u00e9nerg\u00e9tiques pour garantir l&rsquo;efficacit\u00e9 du dispositif.<\/li>\n<\/ul>\n\n\n\n<blockquote class=\"wp-block-quote is-layout-flow wp-block-quote-is-layout-flow\">\n<p>Ce concours, organis\u00e9 par l&rsquo;acad\u00e9mie de La R\u00e9union, vise \u00e0 promouvoir la culture scientifique et technique tout en d\u00e9veloppant l&rsquo;esprit d&rsquo;\u00e9quipe. Retrouvez plus d&rsquo;infos sur le <a href=\"https:\/\/www.ac-reunion.fr\/lancement-de-la-4-edition-du-concours-academique-de-technologie-cat-2026-132296\" target=\"_blank\" rel=\"noreferrer noopener\">site de l&rsquo;acad\u00e9mie<\/a>.<\/p>\n<\/blockquote>\n\n\n\n<h3 class=\"wp-block-heading\">\ud83d\udc4f F\u00e9licitations \u00e0 nos ing\u00e9nieurs en herbe !<\/h3>\n\n\n\n<p>Le coll\u00e8ge tient \u00e0 f\u00e9liciter les \u00e9l\u00e8ves pour leur investissement, leur s\u00e9rieux et leur capacit\u00e9 \u00e0 r\u00e9soudre des probl\u00e8mes technologiques complexes.<\/p>\n\n\n\n<p><strong>Bravo \u00e0 tous !<\/strong><\/p>\n\n\n\n<figure class=\"wp-block-gallery has-nested-images columns-default is-cropped wp-block-gallery-1 is-layout-flex wp-block-gallery-is-layout-flex\">\n<figure class=\"wp-block-image size-large\"><img loading=\"lazy\" decoding=\"async\" width=\"480\" height=\"640\" data-id=\"3892\" src=\"https:\/\/etab.ac-reunion.fr\/clg-roquefeuil\/wp-content\/uploads\/sites\/159\/2026\/04\/image310.jpeg\" alt=\"\" class=\"wp-image-3892\" srcset=\"https:\/\/etab.ac-reunion.fr\/clg-roquefeuil\/wp-content\/uploads\/sites\/159\/2026\/04\/image310.jpeg 480w, https:\/\/etab.ac-reunion.fr\/clg-roquefeuil\/wp-content\/uploads\/sites\/159\/2026\/04\/image310-225x300.jpeg 225w, https:\/\/etab.ac-reunion.fr\/clg-roquefeuil\/wp-content\/uploads\/sites\/159\/2026\/04\/image310-150x200.jpeg 150w\" sizes=\"auto, (max-width: 480px) 100vw, 480px\" \/><\/figure>\n\n\n\n<figure class=\"wp-block-image size-large\"><img loading=\"lazy\" decoding=\"async\" width=\"480\" height=\"640\" data-id=\"3893\" src=\"https:\/\/etab.ac-reunion.fr\/clg-roquefeuil\/wp-content\/uploads\/sites\/159\/2026\/04\/image20.jpeg\" alt=\"\" class=\"wp-image-3893\" srcset=\"https:\/\/etab.ac-reunion.fr\/clg-roquefeuil\/wp-content\/uploads\/sites\/159\/2026\/04\/image20.jpeg 480w, https:\/\/etab.ac-reunion.fr\/clg-roquefeuil\/wp-content\/uploads\/sites\/159\/2026\/04\/image20-225x300.jpeg 225w, https:\/\/etab.ac-reunion.fr\/clg-roquefeuil\/wp-content\/uploads\/sites\/159\/2026\/04\/image20-150x200.jpeg 150w\" sizes=\"auto, (max-width: 480px) 100vw, 480px\" \/><\/figure>\n\n\n\n<figure class=\"wp-block-image size-large\"><img loading=\"lazy\" decoding=\"async\" width=\"480\" height=\"640\" data-id=\"3894\" src=\"https:\/\/etab.ac-reunion.fr\/clg-roquefeuil\/wp-content\/uploads\/sites\/159\/2026\/04\/image02.jpeg\" alt=\"\" class=\"wp-image-3894\" srcset=\"https:\/\/etab.ac-reunion.fr\/clg-roquefeuil\/wp-content\/uploads\/sites\/159\/2026\/04\/image02.jpeg 480w, https:\/\/etab.ac-reunion.fr\/clg-roquefeuil\/wp-content\/uploads\/sites\/159\/2026\/04\/image02-225x300.jpeg 225w, https:\/\/etab.ac-reunion.fr\/clg-roquefeuil\/wp-content\/uploads\/sites\/159\/2026\/04\/image02-150x200.jpeg 150w\" sizes=\"auto, (max-width: 480px) 100vw, 480px\" \/><\/figure>\n\n\n\n<figure class=\"wp-block-image size-large\"><img loading=\"lazy\" decoding=\"async\" width=\"640\" height=\"480\" data-id=\"3895\" src=\"https:\/\/etab.ac-reunion.fr\/clg-roquefeuil\/wp-content\/uploads\/sites\/159\/2026\/04\/image4.jpeg\" alt=\"\" class=\"wp-image-3895\" srcset=\"https:\/\/etab.ac-reunion.fr\/clg-roquefeuil\/wp-content\/uploads\/sites\/159\/2026\/04\/image4.jpeg 640w, https:\/\/etab.ac-reunion.fr\/clg-roquefeuil\/wp-content\/uploads\/sites\/159\/2026\/04\/image4-300x225.jpeg 300w, https:\/\/etab.ac-reunion.fr\/clg-roquefeuil\/wp-content\/uploads\/sites\/159\/2026\/04\/image4-267x200.jpeg 267w\" sizes=\"auto, (max-width: 640px) 100vw, 640px\" \/><\/figure>\n<\/figure>\n","protected":false},"excerpt":{"rendered":"<p>Ce mardi 24 avril 2026, l&rsquo;ing\u00e9niosit\u00e9 \u00e9tait au rendez-vous. Les \u00e9l\u00e8ves de 3\u00e8me option \u00ab\u00a0Sciences de l&rsquo;Ing\u00e9nieur\u00a0\u00bb ont fi\u00e8rement repr\u00e9sent\u00e9 notre coll\u00e8ge lors de la finale du Concours Acad\u00e9mique de Technologie (CAT). Apr\u00e8s des semaines de pr\u00e9paration intense, nos jeunes technologues ont d\u00fb faire face \u00e0 un d\u00e9fi de taille. &hellip;<\/p>\n","protected":false},"author":16601,"featured_media":3893,"comment_status":"closed","ping_status":"closed","sticky":false,"template":"","format":"standard","meta":{"footnotes":"","_links_to":"","_links_to_target":""},"categories":[1,15],"tags":[],"class_list":["post-3891","post","type-post","status-publish","format-standard","has-post-thumbnail","hentry","category-actualites","category-technologie"],"_links":{"self":[{"href":"https:\/\/etab.ac-reunion.fr\/clg-roquefeuil\/wp-json\/wp\/v2\/posts\/3891","targetHints":{"allow":["GET"]}}],"collection":[{"href":"https:\/\/etab.ac-reunion.fr\/clg-roquefeuil\/wp-json\/wp\/v2\/posts"}],"about":[{"href":"https:\/\/etab.ac-reunion.fr\/clg-roquefeuil\/wp-json\/wp\/v2\/types\/post"}],"author":[{"embeddable":true,"href":"https:\/\/etab.ac-reunion.fr\/clg-roquefeuil\/wp-json\/wp\/v2\/users\/16601"}],"replies":[{"embeddable":true,"href":"https:\/\/etab.ac-reunion.fr\/clg-roquefeuil\/wp-json\/wp\/v2\/comments?post=3891"}],"version-history":[{"count":1,"href":"https:\/\/etab.ac-reunion.fr\/clg-roquefeuil\/wp-json\/wp\/v2\/posts\/3891\/revisions"}],"predecessor-version":[{"id":3896,"href":"https:\/\/etab.ac-reunion.fr\/clg-roquefeuil\/wp-json\/wp\/v2\/posts\/3891\/revisions\/3896"}],"wp:featuredmedia":[{"embeddable":true,"href":"https:\/\/etab.ac-reunion.fr\/clg-roquefeuil\/wp-json\/wp\/v2\/media\/3893"}],"wp:attachment":[{"href":"https:\/\/etab.ac-reunion.fr\/clg-roquefeuil\/wp-json\/wp\/v2\/media?parent=3891"}],"wp:term":[{"taxonomy":"category","embeddable":true,"href":"https:\/\/etab.ac-reunion.fr\/clg-roquefeuil\/wp-json\/wp\/v2\/categories?post=3891"},{"taxonomy":"post_tag","embeddable":true,"href":"https:\/\/etab.ac-reunion.fr\/clg-roquefeuil\/wp-json\/wp\/v2\/tags?post=3891"}],"curies":[{"name":"wp","href":"https:\/\/api.w.org\/{rel}","templated":true}]}}