{"id":6199,"date":"2023-02-28T06:23:11","date_gmt":"2023-02-28T05:23:11","guid":{"rendered":"https:\/\/etab.ac-reunion.fr\/clg-sainte-genevieve\/?p=6199"},"modified":"2023-02-28T06:23:11","modified_gmt":"2023-02-28T05:23:11","slug":"finale-regionale-unss","status":"publish","type":"post","link":"https:\/\/etab.ac-reunion.fr\/clg-sainte-genevieve\/2023\/02\/28\/finale-regionale-unss\/","title":{"rendered":"Finale r\u00e9gionale UNSS"},"content":{"rendered":"<p>Cette comp\u00e9tition \u00e9tait la finale r\u00e9gionale de circuit training 2023.\u00a0 Au regard des r\u00e9sultats, le premier \u00e9tait qualifi\u00e9 pour les championnats de France. La comp\u00e9tition a commenc\u00e9 par une validation de comp\u00e9tences de nos jeunes arbitres. Elles ont obtenu les deux meilleures notes et, ainsi, Eva Lina et C\u00e9lia sont officiellement valid\u00e9es comme \u00ab\u00a0Arbitre, au niveau r\u00e9gional\u00a0\u00bb.<\/p>\n<p>Suite \u00e0 cette validation, un premier circuit dit de \u00ab\u00a0performance individuelle\u00a0\u00bb a \u00e9t\u00e9 remport\u00e9 par notre \u00e9quipe avec des performances impressionnantes comme 63 pompes en 1 minute\u00a0!!<\/p>\n<p>Les deux circuits suivants \u00e9taient sous forme de relais en \u00e9quipe avec des mouvements \u00e0 r\u00e9aliser le plus rapidement possible. Une premi\u00e8re place a \u00e9t\u00e9 obtenue encore une fois par notre \u00e9quipe et ainsi, ils sont CHAMPIONS DE LA REUNION\u00a0!!<\/p>\n<p>Pour la suite, un voyage \u00e0 Albi sera organis\u00e9 pour participer au championnat de France et viser un podium national\u00a0!<\/p>\n<p>Bravo \u00e0 toute l\u2019\u00e9quipe\u00a0: athl\u00e8tes pr\u00e9sents ou non, arbitres.<\/p>\n<p style=\"text-align: center\">V. Roulon<\/p>\n<div id=\"attachment_6200\" style=\"width: 310px\" class=\"wp-caption alignright\"><img loading=\"lazy\" decoding=\"async\" aria-describedby=\"caption-attachment-6200\" class=\"size-medium wp-image-6200\" src=\"https:\/\/etab.ac-reunion.fr\/clg-sainte-genevieve\/wp-content\/uploads\/sites\/156\/2023\/02\/unss2-300x300.jpg\" alt=\"\" width=\"300\" height=\"300\" srcset=\"https:\/\/etab.ac-reunion.fr\/clg-sainte-genevieve\/wp-content\/uploads\/sites\/156\/2023\/02\/unss2-300x300.jpg 300w, https:\/\/etab.ac-reunion.fr\/clg-sainte-genevieve\/wp-content\/uploads\/sites\/156\/2023\/02\/unss2-150x150.jpg 150w, https:\/\/etab.ac-reunion.fr\/clg-sainte-genevieve\/wp-content\/uploads\/sites\/156\/2023\/02\/unss2.jpg 393w\" sizes=\"(max-width: 300px) 100vw, 300px\" \/><p id=\"caption-attachment-6200\" class=\"wp-caption-text\">C\u00e9lia et Eva Lina, valid\u00e9es officiellement comme arbitre au niveau r\u00e9gional<\/p><\/div>\n<div id=\"attachment_6201\" style=\"width: 310px\" class=\"wp-caption alignnone\"><img loading=\"lazy\" decoding=\"async\" aria-describedby=\"caption-attachment-6201\" class=\"size-medium wp-image-6201\" src=\"https:\/\/etab.ac-reunion.fr\/clg-sainte-genevieve\/wp-content\/uploads\/sites\/156\/2023\/02\/unss-1-300x300.jpg\" alt=\"1\u00e8re place pour Amaya, Aline, Enzo et Noah\" width=\"300\" height=\"300\" srcset=\"https:\/\/etab.ac-reunion.fr\/clg-sainte-genevieve\/wp-content\/uploads\/sites\/156\/2023\/02\/unss-1-300x300.jpg 300w, https:\/\/etab.ac-reunion.fr\/clg-sainte-genevieve\/wp-content\/uploads\/sites\/156\/2023\/02\/unss-1-150x150.jpg 150w, https:\/\/etab.ac-reunion.fr\/clg-sainte-genevieve\/wp-content\/uploads\/sites\/156\/2023\/02\/unss-1.jpg 393w\" sizes=\"(max-width: 300px) 100vw, 300px\" \/><p id=\"caption-attachment-6201\" class=\"wp-caption-text\">1\u00e8re place pour Amaya, Aline, Enzo et Noah<\/p><\/div>\n<!-- AddThis Advanced Settings generic via filter on the_content --><!-- AddThis Share Buttons generic via filter on the_content -->","protected":false},"excerpt":{"rendered":"<p>Cette comp\u00e9tition \u00e9tait la finale r\u00e9gionale de circuit training 2023.\u00a0 Au regard des r\u00e9sultats, le premier \u00e9tait qualifi\u00e9 pour les championnats de France. La comp\u00e9tition a commenc\u00e9 par une validation [&hellip;]<!-- AddThis Advanced Settings generic via filter on get_the_excerpt --><!-- AddThis Share Buttons generic via filter on get_the_excerpt --><\/p>\n","protected":false},"author":30020,"featured_media":0,"comment_status":"closed","ping_status":"closed","sticky":false,"template":"","format":"standard","meta":{"_et_pb_use_builder":"","_et_pb_old_content":"","_et_gb_content_width":"","footnotes":"","_links_to":"","_links_to_target":""},"categories":[22],"tags":[],"class_list":["post-6199","post","type-post","status-publish","format-standard","hentry","category-accueil"],"_links":{"self":[{"href":"https:\/\/etab.ac-reunion.fr\/clg-sainte-genevieve\/wp-json\/wp\/v2\/posts\/6199","targetHints":{"allow":["GET"]}}],"collection":[{"href":"https:\/\/etab.ac-reunion.fr\/clg-sainte-genevieve\/wp-json\/wp\/v2\/posts"}],"about":[{"href":"https:\/\/etab.ac-reunion.fr\/clg-sainte-genevieve\/wp-json\/wp\/v2\/types\/post"}],"author":[{"embeddable":true,"href":"https:\/\/etab.ac-reunion.fr\/clg-sainte-genevieve\/wp-json\/wp\/v2\/users\/30020"}],"replies":[{"embeddable":true,"href":"https:\/\/etab.ac-reunion.fr\/clg-sainte-genevieve\/wp-json\/wp\/v2\/comments?post=6199"}],"version-history":[{"count":1,"href":"https:\/\/etab.ac-reunion.fr\/clg-sainte-genevieve\/wp-json\/wp\/v2\/posts\/6199\/revisions"}],"predecessor-version":[{"id":6202,"href":"https:\/\/etab.ac-reunion.fr\/clg-sainte-genevieve\/wp-json\/wp\/v2\/posts\/6199\/revisions\/6202"}],"wp:attachment":[{"href":"https:\/\/etab.ac-reunion.fr\/clg-sainte-genevieve\/wp-json\/wp\/v2\/media?parent=6199"}],"wp:term":[{"taxonomy":"category","embeddable":true,"href":"https:\/\/etab.ac-reunion.fr\/clg-sainte-genevieve\/wp-json\/wp\/v2\/categories?post=6199"},{"taxonomy":"post_tag","embeddable":true,"href":"https:\/\/etab.ac-reunion.fr\/clg-sainte-genevieve\/wp-json\/wp\/v2\/tags?post=6199"}],"curies":[{"name":"wp","href":"https:\/\/api.w.org\/{rel}","templated":true}]}}