{"id":6422,"date":"2023-04-11T09:32:22","date_gmt":"2023-04-11T07:32:22","guid":{"rendered":"https:\/\/etab.ac-reunion.fr\/clg-sainte-genevieve\/?p=6422"},"modified":"2023-04-11T09:46:28","modified_gmt":"2023-04-11T07:46:28","slug":"semaine-des-langues-2023","status":"publish","type":"post","link":"https:\/\/etab.ac-reunion.fr\/clg-sainte-genevieve\/2023\/04\/11\/semaine-des-langues-2023\/","title":{"rendered":"Semaine des langues 2023"},"content":{"rendered":"[et_pb_section admin_label=\u00a0\u00bbsection\u00a0\u00bb]\n\t\t\t[et_pb_row admin_label=\u00a0\u00bbrow\u00a0\u00bb]\n\t\t\t\t[et_pb_column type=\u00a0\u00bb4_4&Prime;][et_pb_text admin_label=\u00a0\u00bbText\u00a0\u00bb]Du lundi 03 au jeudi 06 avril, de nombreux projets ont \u00e9t\u00e9 d\u00e9clin\u00e9s dans le coll\u00e8ge, sous le th\u00e8me officiel : <img loading=\"lazy\" decoding=\"async\" class=\"wp-image-6425 alignright\" src=\"https:\/\/etab.ac-reunion.fr\/clg-sainte-genevieve\/wp-content\/uploads\/sites\/156\/2023\/04\/img-semaine-langues-vivantes-52-jpg-17930-jpg-32297-300x163.jpg\" alt=\"\" width=\"232\" height=\"126\" \/><\/p>\n<p>\u201c<em>L&rsquo;important, c&rsquo;est de communiquer<\/em>.\u00a0\u00bb<\/p>\n<p>La communication prend de nombreuses formes : la parole, l&rsquo;\u00e9criture, les gestes, l&rsquo;art et l&rsquo;image.<\/p>\n<ul>\n<li><strong>BANNIERES SUR LES PORTES\u00a0: <\/strong>les portes de toutes les classes ont \u00e9t\u00e9 recouvertes d&rsquo;affiches. Chaque classe de langue a colori\u00e9, coll\u00e9 et dessin\u00e9 des images se rapportant \u00e0 un th\u00e8me particulier \u00e9tudi\u00e9 au cours de l&rsquo;ann\u00e9e.\u00a0 Les affiches servent \u00e9galement de supports pour pr\u00e9senter le travail aux autres classes, mettant ainsi des images en mots.<\/li>\n<\/ul>\n<p>TH\u00c8MES ABORDES :<\/p>\n<p><img loading=\"lazy\" decoding=\"async\" class=\"wp-image-6423 alignright\" src=\"https:\/\/etab.ac-reunion.fr\/clg-sainte-genevieve\/wp-content\/uploads\/sites\/156\/2023\/04\/drapeau.png\" alt=\"\" width=\"146\" height=\"106\" \/><\/p>\n<table width=\"753\">\n<tbody>\n<tr>\n<td width=\"141\">ANGLAIS<\/td>\n<td width=\"611\">3<sup>\u00e8me<\/sup>:\u00a0 Des personnages historiques de l&rsquo;\u00e9poque de la s\u00e9gr\u00e9gation aux \u00c9tats-Unis<\/p>\n<p>4<sup>\u00e8me<\/sup>:\u00a0 Sur le chemin de l&rsquo;\u00e9cole (<em>On the way to school<\/em>)<\/p>\n<p>5<sup>\u00e8me<\/sup>: My acrostic poem ( utiliser les lettres de son pr\u00e9nom pour \u00e9crire un po\u00e8me sur soi)<\/p>\n<p>6<sup>\u00e8me<\/sup>:\u00a0 Les f\u00eates britanniques calendaires (exposition)<\/td>\n<\/tr>\n<tr>\n<td width=\"141\">ESPAGNOL<\/td>\n<td width=\"611\">3<sup>\u00e8me<\/sup> : les sports \/ chanteurs et styles musicales<\/p>\n<p>6<sup>\u00e8me<\/sup>, 5<sup>\u00e8me<\/sup>, 4<sup>\u00e8me<\/sup> : personnages et monuments c\u00e9l\u00e8bres<\/td>\n<\/tr>\n<tr>\n<td width=\"141\">ALLEMAND<\/td>\n<td width=\"611\">6<sup>\u00e8me<\/sup> + 5<sup>\u00e8me<\/sup> : les loisirs &#8211; les marques connues<\/p>\n<p>4<sup>\u00e8me <\/sup>+ 3<sup>\u00e8me<\/sup> : les personnages connus et des faits de civilisation<\/td>\n<\/tr>\n<tr>\n<td width=\"141\">TAMOUL<\/td>\n<td width=\"611\">La culture tamoul<\/td>\n<\/tr>\n<\/tbody>\n<\/table>\n<ul>\n<li><strong>AMBIANCE MUSICALE\u00a0: <\/strong>Avant le d\u00e9but des cours le matin, de la musique a \u00e9t\u00e9 diffus\u00e9e sur les haut-parleurs.<\/li>\n<li><strong><img loading=\"lazy\" decoding=\"async\" class=\"wp-image-6424 alignright\" style=\"font-weight: 500\" src=\"https:\/\/etab.ac-reunion.fr\/clg-sainte-genevieve\/wp-content\/uploads\/sites\/156\/2023\/04\/langues-300x257.jpg\" alt=\"\" width=\"156\" height=\"134\" \/>REPAS CULTUREL A LA RESTAURATION SCOLAIRE : <\/strong><\/li>\n<\/ul>\n<p>Lundi 03\/04 : plat principal espagnol et dessert am\u00e9ricain<\/p>\n<p>Mardi 04\/04\u00a0: plat principal allemand et dessert tamoul<\/p>\n<ul>\n<li><strong>L\u2019ACCUEIL DANS DIFF\u00c9RENTES LANGUES\u00a0: <\/strong>chaque jour, tous les enseignants, quelle que soit leur discipline, ont \u00e9t\u00e9 invit\u00e9s \u00e0 accueillir leurs \u00e9l\u00e8ves dans une langue \u00e9trang\u00e8re.<\/li>\n<\/ul>\n<table width=\"796\">\n<tbody>\n<tr>\n<td width=\"126\"><\/td>\n<td width=\"146\"><strong>Lundi en anglais<\/strong><\/td>\n<td width=\"156\"><strong>Mardi en espagnol<\/strong><\/td>\n<td width=\"218\"><strong>Mercredi en allemand<\/strong><\/td>\n<td width=\"150\"><strong>Jeudi en tamoul<\/strong><\/td>\n<\/tr>\n<tr>\n<td width=\"126\"><strong><em>Bonjour<\/em><\/strong><\/p>\n<p><strong><em>\u00a0<\/em><\/strong><\/p>\n<p><strong><em>\u00a0<\/em><\/strong><em>(matin)<\/em><\/td>\n<td width=\"146\"><u>H<\/u>ello \/ Good morning<\/p>\n<p><em>( <\/em><em>good <strong>mor<\/strong>-ning )<\/em><\/td>\n<td width=\"156\">Hola \/ buenos d\u00edas<\/p>\n<p><em>( bou\u00e9noss diass )<\/em><\/td>\n<td width=\"218\">Guten Morgen<\/p>\n<p><em>( gouten morgue<u>n<\/u> )<\/em><\/td>\n<td width=\"150\"><em>( Vanakkam )<\/em><\/td>\n<\/tr>\n<tr>\n<td width=\"126\"><strong><em>Bonjour<\/em><\/strong><\/p>\n<p><strong><em>\u00a0<\/em><\/strong><\/p>\n<p><em>(apr\u00e8s-midi)<\/em><\/td>\n<td width=\"146\"><u>H<\/u>ello \/ Good afternoon.<\/p>\n<p><em>( <\/em><em>good <strong>af-te-noun<\/strong>)<\/em><\/td>\n<td width=\"156\">Hola \/ buenas tardes<\/p>\n<p><em>( bou\u00e9nass tard\u00e8ss )<\/em><\/td>\n<td width=\"218\">Guten Tag<\/p>\n<p><em>( gouten tak )<\/em><\/td>\n<td width=\"150\"><em>( Vanakkam\u00a0 )<\/em><\/td>\n<\/tr>\n<tr>\n<td width=\"126\"><strong><em>Comment vas-tu ?<\/em><\/strong><\/td>\n<td width=\"146\">How are you?<\/p>\n<p><em>( <u>h<\/u>ao ar <\/em><\/p>\n<p><em>you )<\/em><\/td>\n<td width=\"156\">\u00bfQu\u00e9 tal?<\/p>\n<p><em>( k\u00e9 tal )<\/em><\/td>\n<td width=\"218\">Wie geht\u2019s?<\/p>\n<p><em>( vi gu\u00e9t<u>s<\/u> )<\/em><\/td>\n<td width=\"150\"><em>( \u00c9ppadi irukkiray? )<\/em><\/td>\n<\/tr>\n<tr>\n<td width=\"126\"><strong><em>Au revoir<\/em><\/strong><\/td>\n<td width=\"146\">Goodbye.<\/p>\n<p><em>( good-<strong>bahy<\/strong> )<\/em><\/td>\n<td width=\"156\">Adios.<\/p>\n<p><em>( Adioss )<\/em><\/td>\n<td width=\"218\">Tsch\u00fcss.<\/p>\n<p><em>( tchouss )<\/em><\/td>\n<td width=\"150\"><em>( Poy varouguir\u00e9n\u00a0 )<\/em><\/td>\n<\/tr>\n<tr>\n<td width=\"126\"><strong><em>Bonne journ\u00e9e !<\/em><\/strong><\/td>\n<td width=\"146\"><u>H<\/u>ave a nice day!<\/p>\n<p><em>(<strong>hav<\/strong> e <strong>na\u00efs dey<\/strong>)<\/em><\/td>\n<td width=\"156\">Qu\u00e9 tengais un buen d\u00edas.<\/p>\n<p>&nbsp;<\/p>\n<p><em>( k\u00e9 t\u00e8nnga-iss oune bou\u00e8n di-a )<\/em><\/td>\n<td width=\"218\">Einen sch\u00f6nen Tag.<\/p>\n<p><em>( a\u00efne<u>n<\/u> che\u016bnen tak )<\/em><\/td>\n<td width=\"150\"><em>( Intha nal iniya nal agatoum. )<\/em><\/td>\n<\/tr>\n<\/tbody>\n<\/table>\n<p><img loading=\"lazy\" decoding=\"async\" class=\" wp-image-6419 aligncenter\" src=\"https:\/\/etab.ac-reunion.fr\/clg-sainte-genevieve\/wp-content\/uploads\/sites\/156\/2023\/04\/semaine-des-langues-dessins-300x83.png\" alt=\"\" width=\"267\" height=\"74\" srcset=\"https:\/\/etab.ac-reunion.fr\/clg-sainte-genevieve\/wp-content\/uploads\/sites\/156\/2023\/04\/semaine-des-langues-dessins-300x83.png 300w, https:\/\/etab.ac-reunion.fr\/clg-sainte-genevieve\/wp-content\/uploads\/sites\/156\/2023\/04\/semaine-des-langues-dessins.png 466w\" sizes=\"(max-width: 267px) 100vw, 267px\" \/><\/p>\n<ul>\n<li><strong>CADEAU DE FIN DE SEMAINE\u00a0: <\/strong><\/li>\n<\/ul>\n<p>Pour cl\u00f4turer la Semaine des Langues, chaque \u00e9l\u00e8ve a re\u00e7u un bracelet avec le mot \u00ab\u00a0parle\u00a0\u00bb \u00e9crit en cinq langues (anglais, espagnol, allemand, tamoul et cr\u00e9ole), renfor\u00e7ant ainsi le th\u00e8me de la communication.<\/p>\n<p><img loading=\"lazy\" decoding=\"async\" class=\" wp-image-6426 aligncenter\" src=\"https:\/\/etab.ac-reunion.fr\/clg-sainte-genevieve\/wp-content\/uploads\/sites\/156\/2023\/04\/images-langues.jpg\" alt=\"\" width=\"234\" height=\"144\" \/><\/p>\n<p>&nbsp;[\/et_pb_text][\/et_pb_column]\n\t\t\t[\/et_pb_row]\n\t\t[\/et_pb_section]\n<!-- AddThis Advanced Settings generic via filter on the_content --><!-- AddThis Share Buttons generic via filter on the_content -->","protected":false},"excerpt":{"rendered":"<p><!-- AddThis Advanced Settings generic via filter on the_excerpt --><!-- AddThis Share Buttons generic via filter on the_excerpt --><\/p>\n","protected":false},"author":30020,"featured_media":0,"comment_status":"closed","ping_status":"closed","sticky":false,"template":"","format":"standard","meta":{"_et_pb_use_builder":"on","_et_pb_old_content":"Du lundi 03 au jeudi 06 avril, de nombreux projets ont \u00e9t\u00e9 d\u00e9clin\u00e9s dans le coll\u00e8ge, sous le th\u00e8me officiel : <img class=\"wp-image-6425 alignright\" src=\"https:\/\/etab.ac-reunion.fr\/clg-sainte-genevieve\/wp-content\/uploads\/sites\/156\/2023\/04\/img-semaine-langues-vivantes-52-jpg-17930-jpg-32297-300x163.jpg\" alt=\"\" width=\"232\" height=\"126\" \/>\r\n\r\n\u201c<em>L'important, c'est de communiquer<\/em>.\"\r\n\r\nLa communication prend de nombreuses formes : la parole, l'\u00e9criture, les gestes, l'art et l'image.\r\n<ul>\r\n \t<li><strong>BANNIERES SUR LES PORTES\u00a0: <\/strong>les portes de toutes les classes ont \u00e9t\u00e9 recouvertes d'affiches. Chaque classe de langue a colori\u00e9, coll\u00e9 et dessin\u00e9 des images se rapportant \u00e0 un th\u00e8me particulier \u00e9tudi\u00e9 au cours de l'ann\u00e9e.\u00a0 Les affiches servent \u00e9galement de supports pour pr\u00e9senter le travail aux autres classes, mettant ainsi des images en mots.<\/li>\r\n<\/ul>\r\nTH\u00c8MES ABORDES :\r\n\r\n<img class=\"wp-image-6423 alignright\" src=\"https:\/\/etab.ac-reunion.fr\/clg-sainte-genevieve\/wp-content\/uploads\/sites\/156\/2023\/04\/drapeau.png\" alt=\"\" width=\"146\" height=\"106\" \/>\r\n<table width=\"753\">\r\n<tbody>\r\n<tr>\r\n<td width=\"141\">ANGLAIS<\/td>\r\n<td width=\"611\">3<sup>\u00e8me<\/sup>:\u00a0 Des personnages historiques de l'\u00e9poque de la s\u00e9gr\u00e9gation aux \u00c9tats-Unis\r\n\r\n4<sup>\u00e8me<\/sup>:\u00a0 Sur le chemin de l'\u00e9cole (<em>On the way to school<\/em>)\r\n\r\n5<sup>\u00e8me<\/sup>: My acrostic poem ( utiliser les lettres de son pr\u00e9nom pour \u00e9crire un po\u00e8me sur soi)\r\n\r\n6<sup>\u00e8me<\/sup>:\u00a0 Les f\u00eates britanniques calendaires (exposition)<\/td>\r\n<\/tr>\r\n<tr>\r\n<td width=\"141\">ESPAGNOL<\/td>\r\n<td width=\"611\">3<sup>\u00e8me<\/sup> : les sports \/ chanteurs et styles musicales\r\n\r\n6<sup>\u00e8me<\/sup>, 5<sup>\u00e8me<\/sup>, 4<sup>\u00e8me<\/sup> : personnages et monuments c\u00e9l\u00e8bres<\/td>\r\n<\/tr>\r\n<tr>\r\n<td width=\"141\">ALLEMAND<\/td>\r\n<td width=\"611\">6<sup>\u00e8me<\/sup> + 5<sup>\u00e8me<\/sup> : les loisirs - les marques connues\r\n\r\n4<sup>\u00e8me <\/sup>+ 3<sup>\u00e8me<\/sup> : les personnages connus et des faits de civilisation<\/td>\r\n<\/tr>\r\n<tr>\r\n<td width=\"141\">TAMOUL<\/td>\r\n<td width=\"611\">La culture tamoul<\/td>\r\n<\/tr>\r\n<\/tbody>\r\n<\/table>\r\n<ul>\r\n \t<li><strong>AMBIANCE MUSICALE\u00a0: <\/strong>Avant le d\u00e9but des cours le matin, de la musique a \u00e9t\u00e9 diffus\u00e9e sur les haut-parleurs.<\/li>\r\n \t<li><strong><img class=\"wp-image-6424 alignright\" style=\"font-weight: 500\" src=\"https:\/\/etab.ac-reunion.fr\/clg-sainte-genevieve\/wp-content\/uploads\/sites\/156\/2023\/04\/langues-300x257.jpg\" alt=\"\" width=\"156\" height=\"134\" \/>REPAS CULTUREL A LA RESTAURATION SCOLAIRE : <\/strong><\/li>\r\n<\/ul>\r\nLundi 03\/04 : plat principal espagnol et dessert am\u00e9ricain\r\n\r\nMardi 04\/04\u00a0: plat principal allemand et dessert tamoul\r\n<ul>\r\n \t<li><strong>L\u2019ACCUEIL DANS DIFF\u00c9RENTES LANGUES\u00a0: <\/strong>chaque jour, tous les enseignants, quelle que soit leur discipline, ont \u00e9t\u00e9 invit\u00e9s \u00e0 accueillir leurs \u00e9l\u00e8ves dans une langue \u00e9trang\u00e8re.<\/li>\r\n<\/ul>\r\n<table width=\"796\">\r\n<tbody>\r\n<tr>\r\n<td width=\"126\"><\/td>\r\n<td width=\"146\"><strong>Lundi en anglais<\/strong><\/td>\r\n<td width=\"156\"><strong>Mardi en espagnol<\/strong><\/td>\r\n<td width=\"218\"><strong>Mercredi en allemand<\/strong><\/td>\r\n<td width=\"150\"><strong>Jeudi en tamoul<\/strong><\/td>\r\n<\/tr>\r\n<tr>\r\n<td width=\"126\"><strong><em>Bonjour<\/em><\/strong>\r\n\r\n<strong><em>\u00a0<\/em><\/strong>\r\n\r\n<strong><em>\u00a0<\/em><\/strong><em>(matin)<\/em><\/td>\r\n<td width=\"146\"><u>H<\/u>ello \/ Good morning\r\n\r\n<em>( <\/em><em>good <strong>mor<\/strong>-ning )<\/em><\/td>\r\n<td width=\"156\">Hola \/ buenos d\u00edas\r\n\r\n<em>( bou\u00e9noss diass )<\/em><\/td>\r\n<td width=\"218\">Guten Morgen\r\n\r\n<em>( gouten morgue<u>n<\/u> )<\/em><\/td>\r\n<td width=\"150\"><em>( Vanakkam )<\/em><\/td>\r\n<\/tr>\r\n<tr>\r\n<td width=\"126\"><strong><em>Bonjour<\/em><\/strong>\r\n\r\n<strong><em>\u00a0<\/em><\/strong>\r\n\r\n<em>(apr\u00e8s-midi)<\/em><\/td>\r\n<td width=\"146\"><u>H<\/u>ello \/ Good afternoon.\r\n\r\n<em>( <\/em><em>good <strong>af-te-noun<\/strong>)<\/em><\/td>\r\n<td width=\"156\">Hola \/ buenas tardes\r\n\r\n<em>( bou\u00e9nass tard\u00e8ss )<\/em><\/td>\r\n<td width=\"218\">Guten Tag\r\n\r\n<em>( gouten tak )<\/em><\/td>\r\n<td width=\"150\"><em>( Vanakkam\u00a0 )<\/em><\/td>\r\n<\/tr>\r\n<tr>\r\n<td width=\"126\"><strong><em>Comment vas-tu ?<\/em><\/strong><\/td>\r\n<td width=\"146\">How are you?\r\n\r\n<em>( <u>h<\/u>ao ar <\/em>\r\n\r\n<em>you )<\/em><\/td>\r\n<td width=\"156\">\u00bfQu\u00e9 tal?\r\n\r\n<em>( k\u00e9 tal )<\/em><\/td>\r\n<td width=\"218\">Wie geht\u2019s?\r\n\r\n<em>( vi gu\u00e9t<u>s<\/u> )<\/em><\/td>\r\n<td width=\"150\"><em>( \u00c9ppadi irukkiray? )<\/em><\/td>\r\n<\/tr>\r\n<tr>\r\n<td width=\"126\"><strong><em>Au revoir<\/em><\/strong><\/td>\r\n<td width=\"146\">Goodbye.\r\n\r\n<em>( good-<strong>bahy<\/strong> )<\/em><\/td>\r\n<td width=\"156\">Adios.\r\n\r\n<em>( Adioss )<\/em><\/td>\r\n<td width=\"218\">Tsch\u00fcss.\r\n\r\n<em>( tchouss )<\/em><\/td>\r\n<td width=\"150\"><em>( Poy varouguir\u00e9n\u00a0 )<\/em><\/td>\r\n<\/tr>\r\n<tr>\r\n<td width=\"126\"><strong><em>Bonne journ\u00e9e !<\/em><\/strong><\/td>\r\n<td width=\"146\"><u>H<\/u>ave a nice day!\r\n\r\n<em>(<strong>hav<\/strong> e <strong>na\u00efs dey<\/strong>)<\/em><\/td>\r\n<td width=\"156\">Qu\u00e9 tengais un buen d\u00edas.\r\n\r\n&nbsp;\r\n\r\n<em>( k\u00e9 t\u00e8nnga-iss oune bou\u00e8n di-a )<\/em><\/td>\r\n<td width=\"218\">Einen sch\u00f6nen Tag.\r\n\r\n<em>( a\u00efne<u>n<\/u> che\u016bnen tak )<\/em><\/td>\r\n<td width=\"150\"><em>( Intha nal iniya nal agatoum. )<\/em><\/td>\r\n<\/tr>\r\n<\/tbody>\r\n<\/table>\r\n<img class=\" wp-image-6419 aligncenter\" src=\"https:\/\/etab.ac-reunion.fr\/clg-sainte-genevieve\/wp-content\/uploads\/sites\/156\/2023\/04\/semaine-des-langues-dessins-300x83.png\" alt=\"\" width=\"267\" height=\"74\" \/>\r\n<ul>\r\n \t<li><strong>CADEAU DE FIN DE SEMAINE\u00a0: <\/strong><\/li>\r\n<\/ul>\r\nPour cl\u00f4turer la Semaine des Langues, chaque \u00e9l\u00e8ve a re\u00e7u un bracelet avec le mot \"parle\" \u00e9crit en cinq langues (anglais, espagnol, allemand, tamoul et cr\u00e9ole), renfor\u00e7ant ainsi le th\u00e8me de la communication.\r\n\r\n<img class=\" wp-image-6426 aligncenter\" src=\"https:\/\/etab.ac-reunion.fr\/clg-sainte-genevieve\/wp-content\/uploads\/sites\/156\/2023\/04\/images-langues.jpg\" alt=\"\" width=\"234\" height=\"144\" \/>\r\n\r\n&nbsp;","_et_gb_content_width":"","footnotes":"","_links_to":"","_links_to_target":""},"categories":[22],"tags":[],"class_list":["post-6422","post","type-post","status-publish","format-standard","hentry","category-accueil"],"_links":{"self":[{"href":"https:\/\/etab.ac-reunion.fr\/clg-sainte-genevieve\/wp-json\/wp\/v2\/posts\/6422","targetHints":{"allow":["GET"]}}],"collection":[{"href":"https:\/\/etab.ac-reunion.fr\/clg-sainte-genevieve\/wp-json\/wp\/v2\/posts"}],"about":[{"href":"https:\/\/etab.ac-reunion.fr\/clg-sainte-genevieve\/wp-json\/wp\/v2\/types\/post"}],"author":[{"embeddable":true,"href":"https:\/\/etab.ac-reunion.fr\/clg-sainte-genevieve\/wp-json\/wp\/v2\/users\/30020"}],"replies":[{"embeddable":true,"href":"https:\/\/etab.ac-reunion.fr\/clg-sainte-genevieve\/wp-json\/wp\/v2\/comments?post=6422"}],"version-history":[{"count":3,"href":"https:\/\/etab.ac-reunion.fr\/clg-sainte-genevieve\/wp-json\/wp\/v2\/posts\/6422\/revisions"}],"predecessor-version":[{"id":6456,"href":"https:\/\/etab.ac-reunion.fr\/clg-sainte-genevieve\/wp-json\/wp\/v2\/posts\/6422\/revisions\/6456"}],"wp:attachment":[{"href":"https:\/\/etab.ac-reunion.fr\/clg-sainte-genevieve\/wp-json\/wp\/v2\/media?parent=6422"}],"wp:term":[{"taxonomy":"category","embeddable":true,"href":"https:\/\/etab.ac-reunion.fr\/clg-sainte-genevieve\/wp-json\/wp\/v2\/categories?post=6422"},{"taxonomy":"post_tag","embeddable":true,"href":"https:\/\/etab.ac-reunion.fr\/clg-sainte-genevieve\/wp-json\/wp\/v2\/tags?post=6422"}],"curies":[{"name":"wp","href":"https:\/\/api.w.org\/{rel}","templated":true}]}}