{"id":6502,"date":"2023-04-14T06:31:29","date_gmt":"2023-04-14T04:31:29","guid":{"rendered":"https:\/\/etab.ac-reunion.fr\/clg-sainte-genevieve\/?p=6502"},"modified":"2023-04-14T06:32:00","modified_gmt":"2023-04-14T04:32:00","slug":"et-si-on-se-deguisait-a-sainte-genevieve","status":"publish","type":"post","link":"https:\/\/etab.ac-reunion.fr\/clg-sainte-genevieve\/2023\/04\/14\/et-si-on-se-deguisait-a-sainte-genevieve\/","title":{"rendered":"Et si on se d\u00e9guisait \u00e0 Sainte Genevi\u00e8ve ?"},"content":{"rendered":"[et_pb_section admin_label=\u00a0\u00bbsection\u00a0\u00bb]\n\t\t\t[et_pb_row admin_label=\u00a0\u00bbrow\u00a0\u00bb]\n\t\t\t\t[et_pb_column type=\u00a0\u00bb4_4&Prime;][et_pb_text admin_label=\u00a0\u00bbText\u00a0\u00bb]<img loading=\"lazy\" decoding=\"async\" class=\"\" src=\"https:\/\/img.freepik.com\/vecteurs-libre\/masque-carnaval-venitien-2d-colore-isole-fond-blanc_52683-53727.jpg?w=2000\" alt=\"Images de Affiche Carnaval \u2013 T\u00e9l\u00e9chargement gratuit sur Freepik\" width=\"90\" height=\"90\" \/>Dans le cadre de la liaison entre l\u2019\u00e9cole et le coll\u00e8ge Sainte Genevi\u00e8ve, 6 \u00e9l\u00e8ves de sixi\u00e8me ont particip\u00e9 au concours de d\u00e9guisement, cat\u00e9gorie \u00ab\u00a0Ados\u00a0\u00bb organis\u00e9 le mardi 11 avril par l\u2019\u00e9cole Sainte Genevi\u00e8ve.<\/p>\n<p>Les participants ont \u00e9t\u00e9 \u00e9valu\u00e9 selon 5 crit\u00e8res\u00a0: le maquillage et les cheveux, l\u2019utilisation d\u2019accessoires, la cr\u00e9ativit\u00e9 et l\u2019originalit\u00e9 du costume.<\/p>\n<p>Au terme d\u2019une belle soir\u00e9e festive et familiale, nous adressons nos f\u00e9licitations \u00e0 Liza, Loan, Ma\u00ebllyne, Marie, Nihal et Rayan pour leur investissement dans ce projet et plus particuli\u00e8rement \u00e0 <em>La fureur fluo<\/em> et <em>Art\u00e9mise, <\/em>pour leur place sur le podium !<\/p>\n<p><img loading=\"lazy\" decoding=\"async\" class=\"aligncenter\" src=\"https:\/\/ipcchatou.fr\/wp-content\/uploads\/2022\/03\/carnaval-2022.jpg\" alt=\"Carnaval le 15 mars\" width=\"260\" height=\"173\" \/>[\/et_pb_text][\/et_pb_column]\n\t\t\t[\/et_pb_row]\n\t\t[\/et_pb_section]\n<!-- AddThis Advanced Settings generic via filter on the_content --><!-- AddThis Share Buttons generic via filter on the_content -->","protected":false},"excerpt":{"rendered":"<p><!-- AddThis Advanced Settings generic via filter on the_excerpt --><!-- AddThis Share Buttons generic via filter on the_excerpt --><\/p>\n","protected":false},"author":30782,"featured_media":0,"comment_status":"closed","ping_status":"closed","sticky":false,"template":"","format":"standard","meta":{"_et_pb_use_builder":"on","_et_pb_old_content":"<img class=\"\" src=\"https:\/\/img.freepik.com\/vecteurs-libre\/masque-carnaval-venitien-2d-colore-isole-fond-blanc_52683-53727.jpg?w=2000\" alt=\"Images de Affiche Carnaval \u2013 T\u00e9l\u00e9chargement gratuit sur Freepik\" width=\"90\" height=\"90\" \/>Dans le cadre de la liaison entre l\u2019\u00e9cole et le coll\u00e8ge Sainte Genevi\u00e8ve, 6 \u00e9l\u00e8ves de sixi\u00e8me ont particip\u00e9 au concours de d\u00e9guisement, cat\u00e9gorie \u00ab\u00a0Ados\u00a0\u00bb organis\u00e9 le mardi 11 avril par l\u2019\u00e9cole Sainte Genevi\u00e8ve.\r\n\r\nLes participants ont \u00e9t\u00e9 \u00e9valu\u00e9 selon 5 crit\u00e8res\u00a0: le maquillage et les cheveux, l\u2019utilisation d\u2019accessoires, la cr\u00e9ativit\u00e9 et l\u2019originalit\u00e9 du costume.\r\n\r\nAu terme d\u2019une belle soir\u00e9e festive et familiale, nous adressons nos f\u00e9licitations \u00e0 Liza, Loan, Ma\u00ebllyne, Marie, Nihal et Rayan pour leur investissement dans ce projet et plus particuli\u00e8rement \u00e0 <em>La fureur fluo<\/em> et <em>Art\u00e9mise, <\/em>pour leur place sur le podium !\r\n\r\n<img class=\"aligncenter\" src=\"https:\/\/ipcchatou.fr\/wp-content\/uploads\/2022\/03\/carnaval-2022.jpg\" alt=\"Carnaval le 15 mars\" width=\"260\" height=\"173\" \/>","_et_gb_content_width":"","footnotes":"","_links_to":"","_links_to_target":""},"categories":[22],"tags":[],"class_list":["post-6502","post","type-post","status-publish","format-standard","hentry","category-accueil"],"_links":{"self":[{"href":"https:\/\/etab.ac-reunion.fr\/clg-sainte-genevieve\/wp-json\/wp\/v2\/posts\/6502","targetHints":{"allow":["GET"]}}],"collection":[{"href":"https:\/\/etab.ac-reunion.fr\/clg-sainte-genevieve\/wp-json\/wp\/v2\/posts"}],"about":[{"href":"https:\/\/etab.ac-reunion.fr\/clg-sainte-genevieve\/wp-json\/wp\/v2\/types\/post"}],"author":[{"embeddable":true,"href":"https:\/\/etab.ac-reunion.fr\/clg-sainte-genevieve\/wp-json\/wp\/v2\/users\/30782"}],"replies":[{"embeddable":true,"href":"https:\/\/etab.ac-reunion.fr\/clg-sainte-genevieve\/wp-json\/wp\/v2\/comments?post=6502"}],"version-history":[{"count":2,"href":"https:\/\/etab.ac-reunion.fr\/clg-sainte-genevieve\/wp-json\/wp\/v2\/posts\/6502\/revisions"}],"predecessor-version":[{"id":6504,"href":"https:\/\/etab.ac-reunion.fr\/clg-sainte-genevieve\/wp-json\/wp\/v2\/posts\/6502\/revisions\/6504"}],"wp:attachment":[{"href":"https:\/\/etab.ac-reunion.fr\/clg-sainte-genevieve\/wp-json\/wp\/v2\/media?parent=6502"}],"wp:term":[{"taxonomy":"category","embeddable":true,"href":"https:\/\/etab.ac-reunion.fr\/clg-sainte-genevieve\/wp-json\/wp\/v2\/categories?post=6502"},{"taxonomy":"post_tag","embeddable":true,"href":"https:\/\/etab.ac-reunion.fr\/clg-sainte-genevieve\/wp-json\/wp\/v2\/tags?post=6502"}],"curies":[{"name":"wp","href":"https:\/\/api.w.org\/{rel}","templated":true}]}}