{"id":6527,"date":"2023-04-17T11:50:36","date_gmt":"2023-04-17T09:50:36","guid":{"rendered":"https:\/\/etab.ac-reunion.fr\/clg-sainte-genevieve\/?p=6527"},"modified":"2023-04-17T11:51:12","modified_gmt":"2023-04-17T09:51:12","slug":"de-la-sixieme-a-aux-championnats-de-france-de-judo","status":"publish","type":"post","link":"https:\/\/etab.ac-reunion.fr\/clg-sainte-genevieve\/2023\/04\/17\/de-la-sixieme-a-aux-championnats-de-france-de-judo\/","title":{"rendered":"De la sixi\u00e8me A aux championnats de France de judo"},"content":{"rendered":"[et_pb_section admin_label=\u00a0\u00bbsection\u00a0\u00bb]\n\t\t\t[et_pb_row admin_label=\u00a0\u00bbrow\u00a0\u00bb]\n\t\t\t\t[et_pb_column type=\u00a0\u00bb4_4&Prime;][et_pb_text admin_label=\u00a0\u00bbText\u00a0\u00bb]<img loading=\"lazy\" decoding=\"async\" class=\"alignnone  wp-image-6525\" src=\"https:\/\/etab.ac-reunion.fr\/clg-sainte-genevieve\/wp-content\/uploads\/sites\/156\/2023\/04\/Championnat-judo-300x279.jpg\" alt=\"\" width=\"159\" height=\"148\" srcset=\"https:\/\/etab.ac-reunion.fr\/clg-sainte-genevieve\/wp-content\/uploads\/sites\/156\/2023\/04\/Championnat-judo-300x279.jpg 300w, https:\/\/etab.ac-reunion.fr\/clg-sainte-genevieve\/wp-content\/uploads\/sites\/156\/2023\/04\/Championnat-judo.jpg 433w\" sizes=\"(max-width: 159px) 100vw, 159px\" \/>\u00a0 \u00a0Nicolas Enzo Delort, \u00e9l\u00e8ve de sixi\u00e8me A, vient de participer aux championnats de France de Judo et a brillamment remport\u00e9 tous les combats qui l\u2019ont men\u00e9 vers le titre de \u00ab\u00a0Vice-Champion de France\u00a0\u00bb dans sa cat\u00e9gorie.<\/p>\n<p>Il est inscrit au club de La Cressonni\u00e8re dans lequel il s\u2019entra\u00eene plusieurs fois par semaine. Nous f\u00e9licitons ce jeune champion de La R\u00e9union pour ce premier titre national, qui lui promet une belle carri\u00e8re\u00a0!<\/p>\n<p style=\"text-align: center\"><em><img loading=\"lazy\" decoding=\"async\" class=\"alignnone size-full wp-image-6528\" src=\"https:\/\/etab.ac-reunion.fr\/clg-sainte-genevieve\/wp-content\/uploads\/sites\/156\/2023\/04\/Nicolas-D..jpg\" alt=\"\" width=\"171\" height=\"228\" \/>\u00a0 <\/em><\/p>\n[\/et_pb_text][\/et_pb_column]\n\t\t\t[\/et_pb_row]\n\t\t[\/et_pb_section]\n<!-- AddThis Advanced Settings generic via filter on the_content --><!-- AddThis Share Buttons generic via filter on the_content -->","protected":false},"excerpt":{"rendered":"<p><!-- AddThis Advanced Settings generic via filter on the_excerpt --><!-- AddThis Share Buttons generic via filter on the_excerpt --><\/p>\n","protected":false},"author":30782,"featured_media":0,"comment_status":"closed","ping_status":"closed","sticky":false,"template":"","format":"standard","meta":{"_et_pb_use_builder":"on","_et_pb_old_content":"<img class=\"alignnone  wp-image-6525\" src=\"https:\/\/etab.ac-reunion.fr\/clg-sainte-genevieve\/wp-content\/uploads\/sites\/156\/2023\/04\/Championnat-judo-300x279.jpg\" alt=\"\" width=\"159\" height=\"148\" \/>\u00a0 \u00a0Nicolas Enzo Delort, \u00e9l\u00e8ve de sixi\u00e8me A, vient de participer aux championnats de France de Judo et a brillamment remport\u00e9 tous les combats qui l\u2019ont men\u00e9 vers le titre de \u00ab\u00a0Vice-Champion de France\u00a0\u00bb dans sa cat\u00e9gorie.\r\n\r\nIl est inscrit au club de La Cressonni\u00e8re dans lequel il s\u2019entra\u00eene plusieurs fois par semaine. Nous f\u00e9licitons ce jeune champion de La R\u00e9union pour ce premier titre national, qui lui promet une belle carri\u00e8re\u00a0!\r\n<p style=\"text-align: center\"><em><img class=\"alignnone size-full wp-image-6528\" src=\"https:\/\/etab.ac-reunion.fr\/clg-sainte-genevieve\/wp-content\/uploads\/sites\/156\/2023\/04\/Nicolas-D..jpg\" alt=\"\" width=\"171\" height=\"228\" \/>\u00a0 <\/em><\/p>","_et_gb_content_width":"","footnotes":"","_links_to":"","_links_to_target":""},"categories":[22],"tags":[],"class_list":["post-6527","post","type-post","status-publish","format-standard","hentry","category-accueil"],"_links":{"self":[{"href":"https:\/\/etab.ac-reunion.fr\/clg-sainte-genevieve\/wp-json\/wp\/v2\/posts\/6527","targetHints":{"allow":["GET"]}}],"collection":[{"href":"https:\/\/etab.ac-reunion.fr\/clg-sainte-genevieve\/wp-json\/wp\/v2\/posts"}],"about":[{"href":"https:\/\/etab.ac-reunion.fr\/clg-sainte-genevieve\/wp-json\/wp\/v2\/types\/post"}],"author":[{"embeddable":true,"href":"https:\/\/etab.ac-reunion.fr\/clg-sainte-genevieve\/wp-json\/wp\/v2\/users\/30782"}],"replies":[{"embeddable":true,"href":"https:\/\/etab.ac-reunion.fr\/clg-sainte-genevieve\/wp-json\/wp\/v2\/comments?post=6527"}],"version-history":[{"count":3,"href":"https:\/\/etab.ac-reunion.fr\/clg-sainte-genevieve\/wp-json\/wp\/v2\/posts\/6527\/revisions"}],"predecessor-version":[{"id":6531,"href":"https:\/\/etab.ac-reunion.fr\/clg-sainte-genevieve\/wp-json\/wp\/v2\/posts\/6527\/revisions\/6531"}],"wp:attachment":[{"href":"https:\/\/etab.ac-reunion.fr\/clg-sainte-genevieve\/wp-json\/wp\/v2\/media?parent=6527"}],"wp:term":[{"taxonomy":"category","embeddable":true,"href":"https:\/\/etab.ac-reunion.fr\/clg-sainte-genevieve\/wp-json\/wp\/v2\/categories?post=6527"},{"taxonomy":"post_tag","embeddable":true,"href":"https:\/\/etab.ac-reunion.fr\/clg-sainte-genevieve\/wp-json\/wp\/v2\/tags?post=6527"}],"curies":[{"name":"wp","href":"https:\/\/api.w.org\/{rel}","templated":true}]}}