{"id":6976,"date":"2023-09-15T13:00:54","date_gmt":"2023-09-15T11:00:54","guid":{"rendered":"https:\/\/etab.ac-reunion.fr\/clg-sainte-genevieve\/?p=6976"},"modified":"2023-09-15T13:09:36","modified_gmt":"2023-09-15T11:09:36","slug":"bien-manger","status":"publish","type":"post","link":"https:\/\/etab.ac-reunion.fr\/clg-sainte-genevieve\/2023\/09\/15\/bien-manger\/","title":{"rendered":"Bien manger."},"content":{"rendered":"<p><strong>Bien manger est essentiel pour rester en bonne sant\u00e9 et pour \u00eatre efficace tout au long de la journ\u00e9e au coll\u00e8ge. Quels sont les grands principes de l\u2019alimentation,\u00a0? Quels sont les besoins nutritionnels de base\u00a0? Comment bien manger en pratique\u00a0? Les classes de sixi\u00e8me ont toute une s\u00e9ance pour apprendre et questionner M. Delon, repr\u00e9sentant de la soci\u00e9t\u00e9 Corest.<\/strong><\/p>\n<p><strong>Rendez-vous est pris pour le mardi 10 octobre 2023.<\/strong><\/p>\n<p><img loading=\"lazy\" decoding=\"async\" class=\"wp-image-6979 size-full aligncenter\" src=\"https:\/\/etab.ac-reunion.fr\/clg-sainte-genevieve\/wp-content\/uploads\/sites\/156\/2023\/09\/Bulles-Bien-manger.jpg\" alt=\"\" width=\"637\" height=\"377\" srcset=\"https:\/\/etab.ac-reunion.fr\/clg-sainte-genevieve\/wp-content\/uploads\/sites\/156\/2023\/09\/Bulles-Bien-manger.jpg 637w, https:\/\/etab.ac-reunion.fr\/clg-sainte-genevieve\/wp-content\/uploads\/sites\/156\/2023\/09\/Bulles-Bien-manger-480x284.jpg 480w\" sizes=\"(min-width: 0px) and (max-width: 480px) 480px, (min-width: 481px) 637px, 100vw\" \/><\/p>\n<!-- AddThis Advanced Settings generic via filter on the_content --><!-- AddThis Share Buttons generic via filter on the_content -->","protected":false},"excerpt":{"rendered":"<p>Bien manger est essentiel pour rester en bonne sant\u00e9 et pour \u00eatre efficace tout au long de la journ\u00e9e au coll\u00e8ge. Quels sont les grands principes de l\u2019alimentation,\u00a0? Quels sont [&hellip;]<!-- AddThis Advanced Settings generic via filter on get_the_excerpt --><!-- AddThis Share Buttons generic via filter on get_the_excerpt --><\/p>\n","protected":false},"author":30782,"featured_media":0,"comment_status":"closed","ping_status":"closed","sticky":false,"template":"","format":"standard","meta":{"_et_pb_use_builder":"","_et_pb_old_content":"","_et_gb_content_width":"","footnotes":"","_links_to":"","_links_to_target":""},"categories":[22],"tags":[],"class_list":["post-6976","post","type-post","status-publish","format-standard","hentry","category-accueil"],"_links":{"self":[{"href":"https:\/\/etab.ac-reunion.fr\/clg-sainte-genevieve\/wp-json\/wp\/v2\/posts\/6976","targetHints":{"allow":["GET"]}}],"collection":[{"href":"https:\/\/etab.ac-reunion.fr\/clg-sainte-genevieve\/wp-json\/wp\/v2\/posts"}],"about":[{"href":"https:\/\/etab.ac-reunion.fr\/clg-sainte-genevieve\/wp-json\/wp\/v2\/types\/post"}],"author":[{"embeddable":true,"href":"https:\/\/etab.ac-reunion.fr\/clg-sainte-genevieve\/wp-json\/wp\/v2\/users\/30782"}],"replies":[{"embeddable":true,"href":"https:\/\/etab.ac-reunion.fr\/clg-sainte-genevieve\/wp-json\/wp\/v2\/comments?post=6976"}],"version-history":[{"count":4,"href":"https:\/\/etab.ac-reunion.fr\/clg-sainte-genevieve\/wp-json\/wp\/v2\/posts\/6976\/revisions"}],"predecessor-version":[{"id":6982,"href":"https:\/\/etab.ac-reunion.fr\/clg-sainte-genevieve\/wp-json\/wp\/v2\/posts\/6976\/revisions\/6982"}],"wp:attachment":[{"href":"https:\/\/etab.ac-reunion.fr\/clg-sainte-genevieve\/wp-json\/wp\/v2\/media?parent=6976"}],"wp:term":[{"taxonomy":"category","embeddable":true,"href":"https:\/\/etab.ac-reunion.fr\/clg-sainte-genevieve\/wp-json\/wp\/v2\/categories?post=6976"},{"taxonomy":"post_tag","embeddable":true,"href":"https:\/\/etab.ac-reunion.fr\/clg-sainte-genevieve\/wp-json\/wp\/v2\/tags?post=6976"}],"curies":[{"name":"wp","href":"https:\/\/api.w.org\/{rel}","templated":true}]}}