{"id":7351,"date":"2023-12-08T07:29:52","date_gmt":"2023-12-08T06:29:52","guid":{"rendered":"https:\/\/etab.ac-reunion.fr\/clg-sainte-genevieve\/?p=7351"},"modified":"2023-12-08T07:34:09","modified_gmt":"2023-12-08T06:34:09","slug":"7351","status":"publish","type":"post","link":"https:\/\/etab.ac-reunion.fr\/clg-sainte-genevieve\/2023\/12\/08\/7351\/","title":{"rendered":"Projet eTwinning en 3\u00e8me E."},"content":{"rendered":"[et_pb_section fb_built=\u00a0\u00bb1&Prime; admin_label=\u00a0\u00bbsection\u00a0\u00bb _builder_version=\u00a0\u00bb4.16&Prime; global_colors_info=\u00a0\u00bb{}\u00a0\u00bb da_is_popup=\u00a0\u00bboff\u00a0\u00bb da_exit_intent=\u00a0\u00bboff\u00a0\u00bb da_has_close=\u00a0\u00bbon\u00a0\u00bb da_alt_close=\u00a0\u00bboff\u00a0\u00bb da_dark_close=\u00a0\u00bboff\u00a0\u00bb da_not_modal=\u00a0\u00bbon\u00a0\u00bb da_is_singular=\u00a0\u00bboff\u00a0\u00bb da_with_loader=\u00a0\u00bboff\u00a0\u00bb da_has_shadow=\u00a0\u00bbon\u00a0\u00bb da_disable_devices=\u00a0\u00bboff|off|off\u00a0\u00bb][et_pb_row admin_label=\u00a0\u00bbrow\u00a0\u00bb _builder_version=\u00a0\u00bb4.16&Prime; background_size=\u00a0\u00bbinitial\u00a0\u00bb background_position=\u00a0\u00bbtop_left\u00a0\u00bb background_repeat=\u00a0\u00bbrepeat\u00a0\u00bb global_colors_info=\u00a0\u00bb{}\u00a0\u00bb][et_pb_column type=\u00a0\u00bb4_4&Prime; _builder_version=\u00a0\u00bb4.16&Prime; custom_padding=\u00a0\u00bb|||\u00a0\u00bb global_colors_info=\u00a0\u00bb{}\u00a0\u00bb custom_padding__hover=\u00a0\u00bb|||\u00a0\u00bb][et_pb_text admin_label=\u00a0\u00bbText\u00a0\u00bb _builder_version=\u00a0\u00bb4.16&Prime; background_size=\u00a0\u00bbinitial\u00a0\u00bb background_position=\u00a0\u00bbtop_left\u00a0\u00bb background_repeat=\u00a0\u00bbrepeat\u00a0\u00bb global_colors_info=\u00a0\u00bb{}\u00a0\u00bb]En 3\u00e8me E<\/p>\n<p style=\"text-align: center\"><em>Cette ann\u00e9e, la classe de 3\u00b0E participe \u00e0 un projet eTwinning qui s\u2019intitule : <\/em><\/p>\n<p style=\"text-align: center\"><em>\u00ab Agentes internacionales \u00bb.<\/em><\/p>\n<p><em>R\u00e9partis en \u00e9quipes internationales (France, Italie, Allemagne), les \u00e9l\u00e8ves se transformeront en agents secrets et m\u00e8neront \u00e0 bien des missions linguistiques et culturelles cr\u00e9atives, utilisant l\u2019espagnol comme langue de communication commune.<\/em><\/p>\n<p><em>Parmi les activit\u00e9s propos\u00e9es ce mois-ci : un concours de logo pour illustrer notre projet.<\/em><\/p>\n<p><em>Je vous invite \u00e0 aller voir les cr\u00e9ations de nos \u00e9l\u00e8ves !\u00a0 <\/em><\/p>\n<p style=\"text-align: right\">Mme Pichot Marie-H\u00e9l\u00e8ne<\/p>\n<p>&nbsp;[\/et_pb_text][\/et_pb_column][\/et_pb_row][et_pb_row _builder_version=\u00a0\u00bb4.23.1&Prime; _module_preset=\u00a0\u00bbdefault\u00a0\u00bb][et_pb_column _builder_version=\u00a0\u00bb4.23.1&Prime; _module_preset=\u00a0\u00bbdefault\u00a0\u00bb type=\u00a0\u00bb4_4&Prime;][et_pb_button button_text=\u00a0\u00bbConcours de logos.\u00a0\u00bb _builder_version=\u00a0\u00bb4.23.1&Prime; _module_preset=\u00a0\u00bbdefault\u00a0\u00bb button_url=\u00a0\u00bbhttps:\/\/etab.ac-reunion.fr\/clg-sainte-genevieve\/wp-content\/uploads\/sites\/156\/2023\/12\/Concours-Logos-E-Twinning.pdf\u00a0\u00bb hover_enabled=\u00a0\u00bb0&Prime; sticky_enabled=\u00a0\u00bb0&Prime; custom_button=\u00a0\u00bbon\u00a0\u00bb button_text_color=\u00a0\u00bb#FFFFFF\u00a0\u00bb button_bg_use_color_gradient=\u00a0\u00bbon\u00a0\u00bb][\/et_pb_button][\/et_pb_column][\/et_pb_row][\/et_pb_section]\n<!-- AddThis Advanced Settings generic via filter on the_content --><!-- AddThis Share Buttons generic via filter on the_content -->","protected":false},"excerpt":{"rendered":"<p><!-- AddThis Advanced Settings generic via filter on the_excerpt --><!-- AddThis Share Buttons generic via filter on the_excerpt --><\/p>\n","protected":false},"author":30782,"featured_media":0,"comment_status":"closed","ping_status":"closed","sticky":false,"template":"","format":"standard","meta":{"_et_pb_use_builder":"on","_et_pb_old_content":"En 3\u00e8me E\r\n<p style=\"text-align: center\"><em>Cette ann\u00e9e, la classe de 3\u00b0E participe \u00e0 un projet eTwinning qui s\u2019intitule : <\/em><\/p>\r\n<p style=\"text-align: center\"><em>\u00ab Agentes internacionales \u00bb.<\/em><\/p>\r\n<em>R\u00e9partis en \u00e9quipes internationales (France, Italie, Allemagne), les \u00e9l\u00e8ves se transformeront en agents secrets et m\u00e8neront \u00e0 bien des missions linguistiques et culturelles cr\u00e9atives, utilisant l\u2019espagnol comme langue de communication commune.<\/em>\r\n\r\n<em>Parmi les activit\u00e9s propos\u00e9es ce mois-ci : un concours de logo pour illustrer notre projet.<\/em>\r\n\r\n<em>Je vous invite \u00e0 aller voir les cr\u00e9ations de nos \u00e9l\u00e8ves !\u00a0 <\/em>\r\n<p style=\"text-align: right\">Mme Pichot Marie-H\u00e9l\u00e8ne<\/p>\r\n&nbsp;","_et_gb_content_width":"","footnotes":"","_links_to":"","_links_to_target":""},"categories":[22],"tags":[],"class_list":["post-7351","post","type-post","status-publish","format-standard","hentry","category-accueil"],"_links":{"self":[{"href":"https:\/\/etab.ac-reunion.fr\/clg-sainte-genevieve\/wp-json\/wp\/v2\/posts\/7351","targetHints":{"allow":["GET"]}}],"collection":[{"href":"https:\/\/etab.ac-reunion.fr\/clg-sainte-genevieve\/wp-json\/wp\/v2\/posts"}],"about":[{"href":"https:\/\/etab.ac-reunion.fr\/clg-sainte-genevieve\/wp-json\/wp\/v2\/types\/post"}],"author":[{"embeddable":true,"href":"https:\/\/etab.ac-reunion.fr\/clg-sainte-genevieve\/wp-json\/wp\/v2\/users\/30782"}],"replies":[{"embeddable":true,"href":"https:\/\/etab.ac-reunion.fr\/clg-sainte-genevieve\/wp-json\/wp\/v2\/comments?post=7351"}],"version-history":[{"count":4,"href":"https:\/\/etab.ac-reunion.fr\/clg-sainte-genevieve\/wp-json\/wp\/v2\/posts\/7351\/revisions"}],"predecessor-version":[{"id":7356,"href":"https:\/\/etab.ac-reunion.fr\/clg-sainte-genevieve\/wp-json\/wp\/v2\/posts\/7351\/revisions\/7356"}],"wp:attachment":[{"href":"https:\/\/etab.ac-reunion.fr\/clg-sainte-genevieve\/wp-json\/wp\/v2\/media?parent=7351"}],"wp:term":[{"taxonomy":"category","embeddable":true,"href":"https:\/\/etab.ac-reunion.fr\/clg-sainte-genevieve\/wp-json\/wp\/v2\/categories?post=7351"},{"taxonomy":"post_tag","embeddable":true,"href":"https:\/\/etab.ac-reunion.fr\/clg-sainte-genevieve\/wp-json\/wp\/v2\/tags?post=7351"}],"curies":[{"name":"wp","href":"https:\/\/api.w.org\/{rel}","templated":true}]}}