{"id":7786,"date":"2024-03-26T10:39:05","date_gmt":"2024-03-26T09:39:05","guid":{"rendered":"https:\/\/etab.ac-reunion.fr\/clg-sainte-genevieve\/?p=7786"},"modified":"2024-03-26T10:45:39","modified_gmt":"2024-03-26T09:45:39","slug":"sourires-et-bonne-humeur-au-programme-de-la-journee-du-13-fevrier-2024","status":"publish","type":"post","link":"https:\/\/etab.ac-reunion.fr\/clg-sainte-genevieve\/2024\/03\/26\/sourires-et-bonne-humeur-au-programme-de-la-journee-du-13-fevrier-2024\/","title":{"rendered":"Sourires et bonne humeur au programme de la journ\u00e9e du 13 f\u00e9vrier 2024"},"content":{"rendered":"[et_pb_section fb_built=\u00a0\u00bb1&Prime; admin_label=\u00a0\u00bbsection\u00a0\u00bb _builder_version=\u00a0\u00bb4.16&Prime; da_disable_devices=\u00a0\u00bboff|off|off\u00a0\u00bb global_colors_info=\u00a0\u00bb{}\u00a0\u00bb da_is_popup=\u00a0\u00bboff\u00a0\u00bb da_exit_intent=\u00a0\u00bboff\u00a0\u00bb da_has_close=\u00a0\u00bbon\u00a0\u00bb da_alt_close=\u00a0\u00bboff\u00a0\u00bb da_dark_close=\u00a0\u00bboff\u00a0\u00bb da_not_modal=\u00a0\u00bbon\u00a0\u00bb da_is_singular=\u00a0\u00bboff\u00a0\u00bb da_with_loader=\u00a0\u00bboff\u00a0\u00bb da_has_shadow=\u00a0\u00bbon\u00a0\u00bb][et_pb_row admin_label=\u00a0\u00bbrow\u00a0\u00bb _builder_version=\u00a0\u00bb4.16&Prime; background_size=\u00a0\u00bbinitial\u00a0\u00bb background_position=\u00a0\u00bbtop_left\u00a0\u00bb background_repeat=\u00a0\u00bbrepeat\u00a0\u00bb global_colors_info=\u00a0\u00bb{}\u00a0\u00bb][et_pb_column type=\u00a0\u00bb4_4&Prime; _builder_version=\u00a0\u00bb4.16&Prime; custom_padding=\u00a0\u00bb|||\u00a0\u00bb global_colors_info=\u00a0\u00bb{}\u00a0\u00bb custom_padding__hover=\u00a0\u00bb|||\u00a0\u00bb][et_pb_text admin_label=\u00a0\u00bbText\u00a0\u00bb _builder_version=\u00a0\u00bb4.16&Prime; background_size=\u00a0\u00bbinitial\u00a0\u00bb background_position=\u00a0\u00bbtop_left\u00a0\u00bb background_repeat=\u00a0\u00bbrepeat\u00a0\u00bb global_colors_info=\u00a0\u00bb{}\u00a0\u00bb]Apr\u00e8s avoir d\u00e9fil\u00e9 dans notre cour de r\u00e9cr\u00e9ation, les \u00e9l\u00e8ves de l\u2019\u00e9cole primaire Sainte Genevi\u00e8ve se sont m\u00eal\u00e9s aux coll\u00e9giens le temps de la pause m\u00e9ridienne. L\u2019occasion pour tous de partager des moments de complicit\u00e9. Ce mardi, les \u00e9l\u00e8ves du coll\u00e8ge ont assist\u00e9 \u00e0 leurs cours en \u00e9tant d\u00e9guis\u00e9s. La journ\u00e9e s\u2019est termin\u00e9e sur un temps festif, en pr\u00e9sence de l\u2019APEL pour la partie gourmande. Galerie de photos \u00e0 d\u00e9couvrir \u2026[\/et_pb_text][\/et_pb_column][\/et_pb_row][et_pb_row _builder_version=\u00a0\u00bb4.24.2&Prime; _module_preset=\u00a0\u00bbdefault\u00a0\u00bb global_colors_info=\u00a0\u00bb{}\u00a0\u00bb][et_pb_column type=\u00a0\u00bb4_4&Prime; _builder_version=\u00a0\u00bb4.24.2&Prime; _module_preset=\u00a0\u00bbdefault\u00a0\u00bb global_colors_info=\u00a0\u00bb{}\u00a0\u00bb][et_pb_button button_text=\u00a0\u00bbGalerie de photos \u00e0 d\u00e9couvrir&#8230;\u00a0\u00bb _builder_version=\u00a0\u00bb4.24.2&Prime; _module_preset=\u00a0\u00bbdefault\u00a0\u00bb custom_button=\u00a0\u00bbon\u00a0\u00bb button_text_color=\u00a0\u00bb#0C71C3&Prime; button_bg_color=\u00a0\u00bb#FFFFFF\u00a0\u00bb hover_enabled=\u00a0\u00bb0&Prime; global_colors_info=\u00a0\u00bb{}\u00a0\u00bb button_url=\u00a0\u00bbhttps:\/\/etab.ac-reunion.fr\/clg-sainte-genevieve\/wp-content\/uploads\/sites\/156\/2024\/03\/Photos-Carnaval-2024.pdf\u00a0\u00bb sticky_enabled=\u00a0\u00bb0&Prime;][\/et_pb_button][\/et_pb_column][\/et_pb_row][\/et_pb_section]\n<!-- AddThis Advanced Settings generic via filter on the_content --><!-- AddThis Share Buttons generic via filter on the_content -->","protected":false},"excerpt":{"rendered":"<p><!-- AddThis Advanced Settings generic via filter on the_excerpt --><!-- AddThis Share Buttons generic via filter on the_excerpt --><\/p>\n","protected":false},"author":30782,"featured_media":0,"comment_status":"closed","ping_status":"closed","sticky":false,"template":"","format":"standard","meta":{"_et_pb_use_builder":"on","_et_pb_old_content":"Apr\u00e8s avoir d\u00e9fil\u00e9 dans notre cour de r\u00e9cr\u00e9ation, les \u00e9l\u00e8ves de l\u2019\u00e9cole primaire Sainte Genevi\u00e8ve se sont m\u00eal\u00e9s aux coll\u00e9giens le temps de la pause m\u00e9ridienne. L\u2019occasion pour tous de partager des moments de complicit\u00e9. Ce mardi, les \u00e9l\u00e8ves du coll\u00e8ge ont assist\u00e9 \u00e0 leurs cours en \u00e9tant d\u00e9guis\u00e9s. La journ\u00e9e s\u2019est termin\u00e9e sur un temps festif, en pr\u00e9sence de l\u2019APEL pour la partie gourmande. Galerie de photos \u00e0 d\u00e9couvrir \u2026","_et_gb_content_width":"","footnotes":"","_links_to":"","_links_to_target":""},"categories":[22],"tags":[],"class_list":["post-7786","post","type-post","status-publish","format-standard","hentry","category-accueil"],"_links":{"self":[{"href":"https:\/\/etab.ac-reunion.fr\/clg-sainte-genevieve\/wp-json\/wp\/v2\/posts\/7786","targetHints":{"allow":["GET"]}}],"collection":[{"href":"https:\/\/etab.ac-reunion.fr\/clg-sainte-genevieve\/wp-json\/wp\/v2\/posts"}],"about":[{"href":"https:\/\/etab.ac-reunion.fr\/clg-sainte-genevieve\/wp-json\/wp\/v2\/types\/post"}],"author":[{"embeddable":true,"href":"https:\/\/etab.ac-reunion.fr\/clg-sainte-genevieve\/wp-json\/wp\/v2\/users\/30782"}],"replies":[{"embeddable":true,"href":"https:\/\/etab.ac-reunion.fr\/clg-sainte-genevieve\/wp-json\/wp\/v2\/comments?post=7786"}],"version-history":[{"count":8,"href":"https:\/\/etab.ac-reunion.fr\/clg-sainte-genevieve\/wp-json\/wp\/v2\/posts\/7786\/revisions"}],"predecessor-version":[{"id":7796,"href":"https:\/\/etab.ac-reunion.fr\/clg-sainte-genevieve\/wp-json\/wp\/v2\/posts\/7786\/revisions\/7796"}],"wp:attachment":[{"href":"https:\/\/etab.ac-reunion.fr\/clg-sainte-genevieve\/wp-json\/wp\/v2\/media?parent=7786"}],"wp:term":[{"taxonomy":"category","embeddable":true,"href":"https:\/\/etab.ac-reunion.fr\/clg-sainte-genevieve\/wp-json\/wp\/v2\/categories?post=7786"},{"taxonomy":"post_tag","embeddable":true,"href":"https:\/\/etab.ac-reunion.fr\/clg-sainte-genevieve\/wp-json\/wp\/v2\/tags?post=7786"}],"curies":[{"name":"wp","href":"https:\/\/api.w.org\/{rel}","templated":true}]}}