{"id":8750,"date":"2025-01-20T14:52:14","date_gmt":"2025-01-20T10:52:14","guid":{"rendered":"https:\/\/etab.ac-reunion.fr\/clg-sainte-genevieve\/?p=8750"},"modified":"2025-01-20T14:52:14","modified_gmt":"2025-01-20T10:52:14","slug":"report-de-la-rentree-de-janvier-2025","status":"publish","type":"post","link":"https:\/\/etab.ac-reunion.fr\/clg-sainte-genevieve\/2025\/01\/20\/report-de-la-rentree-de-janvier-2025\/","title":{"rendered":"Report de la rentr\u00e9e de janvier 2025."},"content":{"rendered":"<p><img loading=\"lazy\" decoding=\"async\" class=\"size-full wp-image-8751 aligncenter\" src=\"https:\/\/etab.ac-reunion.fr\/clg-sainte-genevieve\/wp-content\/uploads\/sites\/156\/2025\/01\/logo-csg-bleu.png\" alt=\"\" width=\"117\" height=\"86\" \/><\/p>\n<p style=\"text-align: left\">En raison des restrictions en eau qui perturbent le quotidien des habitants de Saint Andr\u00e9, des am\u00e9nagements exceptionnels (nouveau circuit d\u2019eau pour les toilettes avec surpresseur) doivent avoir lieu au coll\u00e8ge Sainte Genevi\u00e8ve pour accueillir les \u00e9l\u00e8ves, les enseignants et le personnel dans des conditions normales de fonctionnement.<br \/>\nLes services de l\u2019\u00e9tat comp\u00e9tents d\u00e9ploient tous leurs moyens pour r\u00e9aliser ces am\u00e9nagements dans les meilleurs d\u00e9lais mais ils ne sont pas encore op\u00e9rationnels \u00e0 ce jour.<br \/>\nA l\u2019issue des derni\u00e8res r\u00e9unions de ce jour, nous sommes donc au regret de repousser la rentr\u00e9e scolaire au jeudi 23 janvier 25 \u00e0 7h40.<br \/>\nLe coll\u00e8ge restera ferm\u00e9 jusque-l\u00e0 pour tous, \u00e9l\u00e8ves, enseignants et personnel.<br \/>\nIl conviendra de suivre l\u2019\u00e9volution de la situation par le biais de la messagerie Pronote.<br \/>\nCordialement.<\/p>\n<p style=\"text-align: center\">L\u2019\u00e9quipe de direction<br \/>\nFait le 20\/01\/25<\/p>\n<!-- AddThis Advanced Settings generic via filter on the_content --><!-- AddThis Share Buttons generic via filter on the_content -->","protected":false},"excerpt":{"rendered":"<p>En raison des restrictions en eau qui perturbent le quotidien des habitants de Saint Andr\u00e9, des am\u00e9nagements exceptionnels (nouveau circuit d\u2019eau pour les toilettes avec surpresseur) doivent avoir lieu au [&hellip;]<!-- AddThis Advanced Settings generic via filter on get_the_excerpt --><!-- AddThis Share Buttons generic via filter on get_the_excerpt --><\/p>\n","protected":false},"author":30782,"featured_media":0,"comment_status":"closed","ping_status":"closed","sticky":false,"template":"","format":"standard","meta":{"_et_pb_use_builder":"","_et_pb_old_content":"","_et_gb_content_width":"","footnotes":"","_links_to":"","_links_to_target":""},"categories":[22],"tags":[],"class_list":["post-8750","post","type-post","status-publish","format-standard","hentry","category-accueil"],"_links":{"self":[{"href":"https:\/\/etab.ac-reunion.fr\/clg-sainte-genevieve\/wp-json\/wp\/v2\/posts\/8750","targetHints":{"allow":["GET"]}}],"collection":[{"href":"https:\/\/etab.ac-reunion.fr\/clg-sainte-genevieve\/wp-json\/wp\/v2\/posts"}],"about":[{"href":"https:\/\/etab.ac-reunion.fr\/clg-sainte-genevieve\/wp-json\/wp\/v2\/types\/post"}],"author":[{"embeddable":true,"href":"https:\/\/etab.ac-reunion.fr\/clg-sainte-genevieve\/wp-json\/wp\/v2\/users\/30782"}],"replies":[{"embeddable":true,"href":"https:\/\/etab.ac-reunion.fr\/clg-sainte-genevieve\/wp-json\/wp\/v2\/comments?post=8750"}],"version-history":[{"count":1,"href":"https:\/\/etab.ac-reunion.fr\/clg-sainte-genevieve\/wp-json\/wp\/v2\/posts\/8750\/revisions"}],"predecessor-version":[{"id":8752,"href":"https:\/\/etab.ac-reunion.fr\/clg-sainte-genevieve\/wp-json\/wp\/v2\/posts\/8750\/revisions\/8752"}],"wp:attachment":[{"href":"https:\/\/etab.ac-reunion.fr\/clg-sainte-genevieve\/wp-json\/wp\/v2\/media?parent=8750"}],"wp:term":[{"taxonomy":"category","embeddable":true,"href":"https:\/\/etab.ac-reunion.fr\/clg-sainte-genevieve\/wp-json\/wp\/v2\/categories?post=8750"},{"taxonomy":"post_tag","embeddable":true,"href":"https:\/\/etab.ac-reunion.fr\/clg-sainte-genevieve\/wp-json\/wp\/v2\/tags?post=8750"}],"curies":[{"name":"wp","href":"https:\/\/api.w.org\/{rel}","templated":true}]}}