{"id":3149,"date":"2023-09-15T08:10:52","date_gmt":"2023-09-15T04:10:52","guid":{"rendered":"https:\/\/etab.ac-reunion.fr\/clg-simon-lucas\/?p=3149"},"modified":"2023-11-07T18:08:45","modified_gmt":"2023-11-07T14:08:45","slug":"finale-du-trophee-culture-et-diversite","status":"publish","type":"post","link":"https:\/\/etab.ac-reunion.fr\/clg-simon-lucas\/finale-du-trophee-culture-et-diversite\/","title":{"rendered":"FINALE du TROPH\u00c9E CULTURE ET DIVERSIT\u00c9"},"content":{"rendered":"<p style=\"text-align: left\"><strong>Lien vers l&rsquo;enregistrement de la finale du TROPH\u00c9E Culture et Diversit\u00e9 &#8211; \u00e9troitement li\u00e9 au projet impro. <\/strong><\/p>\n<p style=\"text-align: left\"><strong>On voit l&rsquo;\u00e9quipe de la R\u00e9union se voir transmettre le prix du FAIR PLAY \u00e0 partir de 01:58:00.\u00a0 <\/strong><\/p>\n<p style=\"text-align: left\"><strong>Pour visionner la vid\u00e9o cliquer sur le lien en vert ci-dessous.<br \/>\n<\/strong><\/p>\n<p style=\"text-align: left\"><img loading=\"lazy\" decoding=\"async\" class=\"size-medium wp-image-3153 alignleft\" src=\"https:\/\/etab.ac-reunion.fr\/clg-simon-lucas\/wp-content\/uploads\/sites\/145\/2023\/09\/Capture-decran-du-2023-09-15-08-15-05-300x168.png\" alt=\"\" width=\"300\" height=\"168\" srcset=\"https:\/\/etab.ac-reunion.fr\/clg-simon-lucas\/wp-content\/uploads\/sites\/145\/2023\/09\/Capture-decran-du-2023-09-15-08-15-05-300x168.png 300w, https:\/\/etab.ac-reunion.fr\/clg-simon-lucas\/wp-content\/uploads\/sites\/145\/2023\/09\/Capture-decran-du-2023-09-15-08-15-05-1024x575.png 1024w, https:\/\/etab.ac-reunion.fr\/clg-simon-lucas\/wp-content\/uploads\/sites\/145\/2023\/09\/Capture-decran-du-2023-09-15-08-15-05-768x431.png 768w, https:\/\/etab.ac-reunion.fr\/clg-simon-lucas\/wp-content\/uploads\/sites\/145\/2023\/09\/Capture-decran-du-2023-09-15-08-15-05-695x390.png 695w, https:\/\/etab.ac-reunion.fr\/clg-simon-lucas\/wp-content\/uploads\/sites\/145\/2023\/09\/Capture-decran-du-2023-09-15-08-15-05.png 1284w\" sizes=\"auto, (max-width: 300px) 100vw, 300px\" \/><\/p>\n<p>&nbsp;<\/p>\n<p style=\"text-align: center\"><a href=\"https:\/\/www.youtube.com\/watch?v=_rmQWxaRO40\">https:\/\/www.youtube.com\/watch?v=_rmQWxaRO40<\/a><\/p>\n","protected":false},"excerpt":{"rendered":"<p>Lien vers l&rsquo;enregistrement de la finale du TROPH\u00c9E Culture et Diversit\u00e9 &#8211; \u00e9troitement li\u00e9 au projet impro. On voit l&rsquo;\u00e9quipe de la R\u00e9union se voir transmettre le prix du FAIR PLAY \u00e0 partir de 01:58:00.\u00a0 Pour visionner la vid\u00e9o cliquer sur le lien en vert ci-dessous. &nbsp; https:\/\/www.youtube.com\/watch?v=_rmQWxaRO40<\/p>\n","protected":false},"author":34383,"featured_media":0,"comment_status":"open","ping_status":"open","sticky":false,"template":"","format":"standard","meta":{"footnotes":"","_links_to":"","_links_to_target":""},"categories":[3,29],"tags":[],"class_list":["post-3149","post","type-post","status-publish","format-standard","hentry","category-actualites","category-evenements"],"_links":{"self":[{"href":"https:\/\/etab.ac-reunion.fr\/clg-simon-lucas\/wp-json\/wp\/v2\/posts\/3149","targetHints":{"allow":["GET"]}}],"collection":[{"href":"https:\/\/etab.ac-reunion.fr\/clg-simon-lucas\/wp-json\/wp\/v2\/posts"}],"about":[{"href":"https:\/\/etab.ac-reunion.fr\/clg-simon-lucas\/wp-json\/wp\/v2\/types\/post"}],"author":[{"embeddable":true,"href":"https:\/\/etab.ac-reunion.fr\/clg-simon-lucas\/wp-json\/wp\/v2\/users\/34383"}],"replies":[{"embeddable":true,"href":"https:\/\/etab.ac-reunion.fr\/clg-simon-lucas\/wp-json\/wp\/v2\/comments?post=3149"}],"version-history":[{"count":8,"href":"https:\/\/etab.ac-reunion.fr\/clg-simon-lucas\/wp-json\/wp\/v2\/posts\/3149\/revisions"}],"predecessor-version":[{"id":3159,"href":"https:\/\/etab.ac-reunion.fr\/clg-simon-lucas\/wp-json\/wp\/v2\/posts\/3149\/revisions\/3159"}],"wp:attachment":[{"href":"https:\/\/etab.ac-reunion.fr\/clg-simon-lucas\/wp-json\/wp\/v2\/media?parent=3149"}],"wp:term":[{"taxonomy":"category","embeddable":true,"href":"https:\/\/etab.ac-reunion.fr\/clg-simon-lucas\/wp-json\/wp\/v2\/categories?post=3149"},{"taxonomy":"post_tag","embeddable":true,"href":"https:\/\/etab.ac-reunion.fr\/clg-simon-lucas\/wp-json\/wp\/v2\/tags?post=3149"}],"curies":[{"name":"wp","href":"https:\/\/api.w.org\/{rel}","templated":true}]}}