{"id":3617,"date":"2024-11-04T08:47:24","date_gmt":"2024-11-04T04:47:24","guid":{"rendered":"https:\/\/etab.ac-reunion.fr\/clg-simon-lucas\/?p=3617"},"modified":"2024-11-04T09:30:24","modified_gmt":"2024-11-04T05:30:24","slug":"cross-district-unss-a-st-joseph","status":"publish","type":"post","link":"https:\/\/etab.ac-reunion.fr\/clg-simon-lucas\/cross-district-unss-a-st-joseph\/","title":{"rendered":"CROSS district UNSS \u00e0 St Joseph"},"content":{"rendered":"<div class=\"mimetype-multipart-mixed\">\n<div><\/div>\n<\/div>\n<div class=\"mimetype-multipart-mixed\">\n<div>\n<div class=\"mimetype-multipart-mixed\">\n<div>\n<h5 style=\"text-align: center\"><span style=\"color: #999999\"><strong>\u00ab\u00a0<span style=\"color: #ffff99\">F\u00e9licitations aux 52 \u00e9l\u00e8ves<\/span> du <span style=\"color: #ccffff\">coll\u00e8ge Simon Lucas<\/span>,<\/strong><\/span><\/h5>\n<h5 style=\"text-align: center\"><span style=\"color: #999999\"><strong> qui ont particip\u00e9 au CROSS district UNSS \u00e0 St Joseph.<\/strong><\/span><\/h5>\n<\/div>\n<\/div>\n<h5 style=\"text-align: center\"><span style=\"color: #ffff99\"><strong>2 \u00e9quipes se qualifient pour les finales acad\u00e9miques<\/strong><\/span><\/h5>\n<h5 style=\"text-align: center\"><span style=\"color: #ccffcc\"><strong style=\"font-size: 16px\">Bravo aux benjamins qui finissent sur le podium, avec une 3\u00e8 place<\/strong><\/span><\/h5>\n<h5 style=\"text-align: center\"><strong style=\"color: #ffffff;font-size: 16px\"><span style=\"color: #999999\"> et <span style=\"color: #ffcc99\">Jade qui obtient une m\u00e9daille d&rsquo;argent en individuel ! \u00ab\u00a0<\/span><\/span><\/strong><\/h5>\n<h5><\/h5>\n<div><\/div>\n<\/div>\n<div><img loading=\"lazy\" decoding=\"async\" class=\"aligncenter wp-image-3614 size-large\" src=\"https:\/\/etab.ac-reunion.fr\/clg-simon-lucas\/wp-content\/uploads\/sites\/145\/2024\/11\/IMG_2298-768x1024.png\" alt=\"\" width=\"768\" height=\"1024\" srcset=\"https:\/\/etab.ac-reunion.fr\/clg-simon-lucas\/wp-content\/uploads\/sites\/145\/2024\/11\/IMG_2298-768x1024.png 768w, https:\/\/etab.ac-reunion.fr\/clg-simon-lucas\/wp-content\/uploads\/sites\/145\/2024\/11\/IMG_2298-225x300.png 225w, https:\/\/etab.ac-reunion.fr\/clg-simon-lucas\/wp-content\/uploads\/sites\/145\/2024\/11\/IMG_2298-1152x1536.png 1152w, https:\/\/etab.ac-reunion.fr\/clg-simon-lucas\/wp-content\/uploads\/sites\/145\/2024\/11\/IMG_2298-293x390.png 293w, https:\/\/etab.ac-reunion.fr\/clg-simon-lucas\/wp-content\/uploads\/sites\/145\/2024\/11\/IMG_2298.png 1512w\" sizes=\"auto, (max-width: 768px) 100vw, 768px\" \/><\/div>\n<\/div>\n","protected":false},"excerpt":{"rendered":"<p>\u00ab\u00a0F\u00e9licitations aux 52 \u00e9l\u00e8ves du coll\u00e8ge Simon Lucas, qui ont particip\u00e9 au CROSS district UNSS \u00e0 St Joseph. 2 \u00e9quipes se qualifient pour les finales acad\u00e9miques Bravo aux benjamins qui finissent sur le podium, avec une 3\u00e8 place et Jade qui obtient une m\u00e9daille d&rsquo;argent en individuel ! \u00ab\u00a0<\/p>\n","protected":false},"author":34383,"featured_media":0,"comment_status":"open","ping_status":"open","sticky":true,"template":"","format":"standard","meta":{"footnotes":"","_links_to":"","_links_to_target":""},"categories":[3,78,29,1],"tags":[],"class_list":["post-3617","post","type-post","status-publish","format-standard","hentry","category-actualites","category-eps","category-evenements","category-non-classe"],"_links":{"self":[{"href":"https:\/\/etab.ac-reunion.fr\/clg-simon-lucas\/wp-json\/wp\/v2\/posts\/3617","targetHints":{"allow":["GET"]}}],"collection":[{"href":"https:\/\/etab.ac-reunion.fr\/clg-simon-lucas\/wp-json\/wp\/v2\/posts"}],"about":[{"href":"https:\/\/etab.ac-reunion.fr\/clg-simon-lucas\/wp-json\/wp\/v2\/types\/post"}],"author":[{"embeddable":true,"href":"https:\/\/etab.ac-reunion.fr\/clg-simon-lucas\/wp-json\/wp\/v2\/users\/34383"}],"replies":[{"embeddable":true,"href":"https:\/\/etab.ac-reunion.fr\/clg-simon-lucas\/wp-json\/wp\/v2\/comments?post=3617"}],"version-history":[{"count":23,"href":"https:\/\/etab.ac-reunion.fr\/clg-simon-lucas\/wp-json\/wp\/v2\/posts\/3617\/revisions"}],"predecessor-version":[{"id":3648,"href":"https:\/\/etab.ac-reunion.fr\/clg-simon-lucas\/wp-json\/wp\/v2\/posts\/3617\/revisions\/3648"}],"wp:attachment":[{"href":"https:\/\/etab.ac-reunion.fr\/clg-simon-lucas\/wp-json\/wp\/v2\/media?parent=3617"}],"wp:term":[{"taxonomy":"category","embeddable":true,"href":"https:\/\/etab.ac-reunion.fr\/clg-simon-lucas\/wp-json\/wp\/v2\/categories?post=3617"},{"taxonomy":"post_tag","embeddable":true,"href":"https:\/\/etab.ac-reunion.fr\/clg-simon-lucas\/wp-json\/wp\/v2\/tags?post=3617"}],"curies":[{"name":"wp","href":"https:\/\/api.w.org\/{rel}","templated":true}]}}