{"id":3807,"date":"2025-05-30T09:26:57","date_gmt":"2025-05-30T05:26:57","guid":{"rendered":"https:\/\/etab.ac-reunion.fr\/clg-simon-lucas\/?p=3807"},"modified":"2025-06-01T19:09:49","modified_gmt":"2025-06-01T15:09:49","slug":"rencontres-academiques-des-eleves-conteurs","status":"publish","type":"post","link":"https:\/\/etab.ac-reunion.fr\/clg-simon-lucas\/rencontres-academiques-des-eleves-conteurs\/","title":{"rendered":"Rencontres acad\u00e9miques des \u00e9l\u00e8ves conteurs"},"content":{"rendered":"\n<p><\/p>\n\n\n\n<p><strong>Cliquez sur la vid\u00e9o ci-dessous pour prendre connaissance de ce qui s&rsquo;est pass\u00e9 lors des rencontres acad\u00e9miques des \u00e9l\u00e8ves conteurs. <\/strong><\/p>\n\n\n\n<figure class=\"wp-block-video\"><video height=\"720\" style=\"aspect-ratio: 1280 \/ 720;\" width=\"1280\" controls src=\"https:\/\/etab.ac-reunion.fr\/clg-simon-lucas\/wp-content\/uploads\/sites\/145\/2025\/05\/Rencontres-academiques-des-eleves-conteurs-3.mp4\"><\/video><\/figure>\n\n\n\n<p><\/p>\n","protected":false},"excerpt":{"rendered":"<p>Cliquez sur la vid\u00e9o ci-dessous pour prendre connaissance de ce qui s&rsquo;est pass\u00e9 lors des rencontres acad\u00e9miques des \u00e9l\u00e8ves conteurs.<\/p>\n","protected":false},"author":34383,"featured_media":0,"comment_status":"open","ping_status":"open","sticky":true,"template":"","format":"standard","meta":{"footnotes":"","_links_to":"","_links_to_target":""},"categories":[16,3,10,29,80],"tags":[],"class_list":["post-3807","post","type-post","status-publish","format-standard","hentry","category-activites-des-eleves","category-actualites","category-en-francais","category-evenements","category-francais"],"_links":{"self":[{"href":"https:\/\/etab.ac-reunion.fr\/clg-simon-lucas\/wp-json\/wp\/v2\/posts\/3807","targetHints":{"allow":["GET"]}}],"collection":[{"href":"https:\/\/etab.ac-reunion.fr\/clg-simon-lucas\/wp-json\/wp\/v2\/posts"}],"about":[{"href":"https:\/\/etab.ac-reunion.fr\/clg-simon-lucas\/wp-json\/wp\/v2\/types\/post"}],"author":[{"embeddable":true,"href":"https:\/\/etab.ac-reunion.fr\/clg-simon-lucas\/wp-json\/wp\/v2\/users\/34383"}],"replies":[{"embeddable":true,"href":"https:\/\/etab.ac-reunion.fr\/clg-simon-lucas\/wp-json\/wp\/v2\/comments?post=3807"}],"version-history":[{"count":8,"href":"https:\/\/etab.ac-reunion.fr\/clg-simon-lucas\/wp-json\/wp\/v2\/posts\/3807\/revisions"}],"predecessor-version":[{"id":3821,"href":"https:\/\/etab.ac-reunion.fr\/clg-simon-lucas\/wp-json\/wp\/v2\/posts\/3807\/revisions\/3821"}],"wp:attachment":[{"href":"https:\/\/etab.ac-reunion.fr\/clg-simon-lucas\/wp-json\/wp\/v2\/media?parent=3807"}],"wp:term":[{"taxonomy":"category","embeddable":true,"href":"https:\/\/etab.ac-reunion.fr\/clg-simon-lucas\/wp-json\/wp\/v2\/categories?post=3807"},{"taxonomy":"post_tag","embeddable":true,"href":"https:\/\/etab.ac-reunion.fr\/clg-simon-lucas\/wp-json\/wp\/v2\/tags?post=3807"}],"curies":[{"name":"wp","href":"https:\/\/api.w.org\/{rel}","templated":true}]}}