{"id":3856,"date":"2025-07-01T09:03:46","date_gmt":"2025-07-01T05:03:46","guid":{"rendered":"https:\/\/etab.ac-reunion.fr\/clg-simon-lucas\/?p=3856"},"modified":"2025-07-02T08:46:54","modified_gmt":"2025-07-02T04:46:54","slug":"3856-2","status":"publish","type":"post","link":"https:\/\/etab.ac-reunion.fr\/clg-simon-lucas\/3856-2\/","title":{"rendered":"Sortie de fin d&rsquo;ann\u00e9e de l&rsquo;Association Sportive du coll\u00e8ge Simon Lucas"},"content":{"rendered":"\n<figure class=\"wp-block-image size-large\"><img loading=\"lazy\" decoding=\"async\" width=\"1024\" height=\"768\" src=\"https:\/\/etab.ac-reunion.fr\/clg-simon-lucas\/wp-content\/uploads\/sites\/145\/2025\/07\/IMG-20250627-WA0004-1024x768.jpg\" alt=\"\" class=\"wp-image-3858\" srcset=\"https:\/\/etab.ac-reunion.fr\/clg-simon-lucas\/wp-content\/uploads\/sites\/145\/2025\/07\/IMG-20250627-WA0004-1024x768.jpg 1024w, https:\/\/etab.ac-reunion.fr\/clg-simon-lucas\/wp-content\/uploads\/sites\/145\/2025\/07\/IMG-20250627-WA0004-300x225.jpg 300w, https:\/\/etab.ac-reunion.fr\/clg-simon-lucas\/wp-content\/uploads\/sites\/145\/2025\/07\/IMG-20250627-WA0004-768x576.jpg 768w, https:\/\/etab.ac-reunion.fr\/clg-simon-lucas\/wp-content\/uploads\/sites\/145\/2025\/07\/IMG-20250627-WA0004-1536x1152.jpg 1536w, https:\/\/etab.ac-reunion.fr\/clg-simon-lucas\/wp-content\/uploads\/sites\/145\/2025\/07\/IMG-20250627-WA0004-520x390.jpg 520w, https:\/\/etab.ac-reunion.fr\/clg-simon-lucas\/wp-content\/uploads\/sites\/145\/2025\/07\/IMG-20250627-WA0004.jpg 1600w\" sizes=\"auto, (max-width: 1024px) 100vw, 1024px\" \/><\/figure>\n\n\n\n<p>Le mercredi 25 juin, une sortie a \u00e9t\u00e9 organis\u00e9e par les profs d\u2019EPS pour r\u00e9compenser les \u00e9l\u00e8ves ayant particip\u00e9 aux activit\u00e9s de l\u2019AS, au cross et\/ou au challenge sportif des coll\u00e9giens. Apr\u00e8s avoir fait une randonn\u00e9e en passant par la for\u00eat, nous sommes arriv\u00e9s \u00e0 la plage de l\u2019\u00c9tang-Sal\u00e9. <\/p>\n\n\n\n<p>Nous avons install\u00e9 les terrains des sports propos\u00e9s : beach-volley, beach-tennis, beach-soccer, rugby ou encore sand-ball. Quarante cinq \u00e9l\u00e8ves \u00e9taient pr\u00e9sents, gar\u00e7ons et filles ont jou\u00e9 ensemble, avec \u00e9galement&nbsp; la participation des professeurs au cours d &lsquo;un match amical en volley-ball.<\/p>\n\n\n\n<figure class=\"wp-block-gallery has-nested-images columns-default is-cropped wp-block-gallery-1 is-layout-flex wp-block-gallery-is-layout-flex\">\n<figure class=\"wp-block-image size-large\"><img loading=\"lazy\" decoding=\"async\" width=\"1024\" height=\"768\" data-id=\"3857\" src=\"https:\/\/etab.ac-reunion.fr\/clg-simon-lucas\/wp-content\/uploads\/sites\/145\/2025\/07\/IMG-20250627-WA0001-1024x768.jpg\" alt=\"\" class=\"wp-image-3857\" srcset=\"https:\/\/etab.ac-reunion.fr\/clg-simon-lucas\/wp-content\/uploads\/sites\/145\/2025\/07\/IMG-20250627-WA0001-1024x768.jpg 1024w, https:\/\/etab.ac-reunion.fr\/clg-simon-lucas\/wp-content\/uploads\/sites\/145\/2025\/07\/IMG-20250627-WA0001-300x225.jpg 300w, https:\/\/etab.ac-reunion.fr\/clg-simon-lucas\/wp-content\/uploads\/sites\/145\/2025\/07\/IMG-20250627-WA0001-768x576.jpg 768w, https:\/\/etab.ac-reunion.fr\/clg-simon-lucas\/wp-content\/uploads\/sites\/145\/2025\/07\/IMG-20250627-WA0001-1536x1152.jpg 1536w, https:\/\/etab.ac-reunion.fr\/clg-simon-lucas\/wp-content\/uploads\/sites\/145\/2025\/07\/IMG-20250627-WA0001-520x390.jpg 520w, https:\/\/etab.ac-reunion.fr\/clg-simon-lucas\/wp-content\/uploads\/sites\/145\/2025\/07\/IMG-20250627-WA0001.jpg 1600w\" sizes=\"auto, (max-width: 1024px) 100vw, 1024px\" \/><\/figure>\n<\/figure>\n\n\n\n<p>Apr\u00e8s avoir mang\u00e9 notre repas froid, les professeures nous ont propos\u00e9 un go\u00fbter partag\u00e9 comme dessert.<\/p>\n\n\n\n<p>Na\u00efla de 5\u1d49 D d\u00e9clare:<br \/>\u00ab\u202fLa journ\u00e9e \u00e9tait super, conviviale et le fait de pouvoir faire plusieurs activit\u00e9s en m\u00eame temps a amen\u00e9 la bonne humeur.\u202f\u00bb<\/p>\n","protected":false},"excerpt":{"rendered":"<p>Le mercredi 25 juin, une sortie a \u00e9t\u00e9 organis\u00e9e par les profs d\u2019EPS pour r\u00e9compenser les \u00e9l\u00e8ves ayant particip\u00e9 aux activit\u00e9s de l\u2019AS, au cross et\/ou au challenge sportif des coll\u00e9giens. Apr\u00e8s avoir fait une randonn\u00e9e en passant par la for\u00eat, nous sommes arriv\u00e9s \u00e0 la plage de l\u2019\u00c9tang-Sal\u00e9. Nous &hellip;<\/p>\n","protected":false},"author":34383,"featured_media":0,"comment_status":"open","ping_status":"open","sticky":true,"template":"","format":"standard","meta":{"footnotes":"","_links_to":"","_links_to_target":""},"categories":[3,78],"tags":[],"class_list":["post-3856","post","type-post","status-publish","format-standard","hentry","category-actualites","category-eps"],"_links":{"self":[{"href":"https:\/\/etab.ac-reunion.fr\/clg-simon-lucas\/wp-json\/wp\/v2\/posts\/3856","targetHints":{"allow":["GET"]}}],"collection":[{"href":"https:\/\/etab.ac-reunion.fr\/clg-simon-lucas\/wp-json\/wp\/v2\/posts"}],"about":[{"href":"https:\/\/etab.ac-reunion.fr\/clg-simon-lucas\/wp-json\/wp\/v2\/types\/post"}],"author":[{"embeddable":true,"href":"https:\/\/etab.ac-reunion.fr\/clg-simon-lucas\/wp-json\/wp\/v2\/users\/34383"}],"replies":[{"embeddable":true,"href":"https:\/\/etab.ac-reunion.fr\/clg-simon-lucas\/wp-json\/wp\/v2\/comments?post=3856"}],"version-history":[{"count":3,"href":"https:\/\/etab.ac-reunion.fr\/clg-simon-lucas\/wp-json\/wp\/v2\/posts\/3856\/revisions"}],"predecessor-version":[{"id":3862,"href":"https:\/\/etab.ac-reunion.fr\/clg-simon-lucas\/wp-json\/wp\/v2\/posts\/3856\/revisions\/3862"}],"wp:attachment":[{"href":"https:\/\/etab.ac-reunion.fr\/clg-simon-lucas\/wp-json\/wp\/v2\/media?parent=3856"}],"wp:term":[{"taxonomy":"category","embeddable":true,"href":"https:\/\/etab.ac-reunion.fr\/clg-simon-lucas\/wp-json\/wp\/v2\/categories?post=3856"},{"taxonomy":"post_tag","embeddable":true,"href":"https:\/\/etab.ac-reunion.fr\/clg-simon-lucas\/wp-json\/wp\/v2\/tags?post=3856"}],"curies":[{"name":"wp","href":"https:\/\/api.w.org\/{rel}","templated":true}]}}