{"id":2131,"date":"2014-09-26T10:09:57","date_gmt":"2014-09-26T06:09:57","guid":{"rendered":"http:\/\/college-les-tamarins.ac-reunion.fr\/?p=2131"},"modified":"2014-11-10T16:13:01","modified_gmt":"2014-11-10T12:13:01","slug":"lancement-du-club-journal","status":"publish","type":"post","link":"https:\/\/etab.ac-reunion.fr\/clg-tamarins\/lancement-du-club-journal\/","title":{"rendered":"Lancement du CLUB JOURNAL"},"content":{"rendered":"<p><span style=\"font-size: 16pt;color: #000000;background-color: #ffffff\">Vous aimeriez devenir journaliste? Vous aimez parler, lire et \u00e9crire\u00a0? Vous aimeriez apprendre \u00e0 faire des photos, des interviews, des reportages\u00a0? Vous avez envie de jouer au grand reporter\u00a0?<\/span><\/p>\n<p style=\"text-align: center\"><span style=\"font-size: 16pt;color: #000000;background-color: #ffffff\">Alors gr\u00e2ce au<\/span><\/p>\n<p style=\"text-align: center\">\n<h2 style=\"text-align: center\"><span style=\"font-size: 48pt\">CLUB JOURNAL<\/span><\/h2>\n<p>&nbsp;<\/p>\n<p style=\"text-align: center\"><span style=\"font-size: 16pt;color: #000000;background-color: #ffffff\">votre r\u00eave se r\u00e9alisera\u00a0!<\/span><\/p>\n<p style=\"text-align: center\"><span style=\"font-size: 16pt;color: #000000;background-color: #ffffff\"><strong>Encadr\u00e9 par Mme Dinnewil, ce club a lieu au CDI<\/strong><\/span><\/p>\n<p style=\"text-align: center\"><span style=\"font-size: 16pt;color: #000000;background-color: #ffffff\"><strong>le Lundi et Mardi et Jeudi de 16h00 \u00e0 17h00.<\/strong><\/span><\/p>\n<h1 style=\"text-align: center\"><span style=\"font-size: 16pt\">Notre objectif\u00a0:<\/span><\/h1>\n<p><span style=\"font-size: 16pt;color: #000000\">La r\u00e9daction d&rsquo;articles et de reportages pour le journal papier du coll\u00e8ge, la \u00abFeuille des Tamarins\u00bb ainsi que pour le site Internet du Coll\u00e8ge<\/span><\/p>\n<p>&nbsp;<\/p>\n<h1 style=\"text-align: center\"><span style=\"font-size: 16pt\">Pour vous inscrire:<\/span><\/h1>\n<p><span style=\"font-size: 16pt;color: #000000\">Remplir le coupon de l&rsquo;Accompagnement \u00c9ducatif (page 43 du Carnet de Liaison) en pr\u00e9cisant \u00abCLUB JOURNAL\u00bb dans la colonne \u00abAutres\u00bb. Il est \u00e0 faire signer obligatoirement par les parents et \u00e0 remettre \u00e0 \u00abLA VIE SCOLAIRE\u00bb.<\/span><\/p>\n<p>&nbsp;<\/p>\n<p>&nbsp;<\/p>\n<p style=\"text-align: center\"><span style=\"font-size: 16pt;color: #000000\">Venez nombreux! Vous \u00eates les bienvenus!<\/span><\/p>\n<h4 class=\"signature\"><span style=\"font-size: 16pt\">\u00a9Taslim<\/span><\/h4>\n","protected":false},"excerpt":{"rendered":"<p>Vous aimeriez devenir journaliste? Vous aimez parler, lire et \u00e9crire\u00a0? Vous aimeriez apprendre \u00e0 faire des photos, des interviews, des reportages\u00a0? Vous avez envie de jouer au grand reporter\u00a0? Alors gr\u00e2ce au CLUB JOURNAL &nbsp; votre r\u00eave se r\u00e9alisera\u00a0! Encadr\u00e9 par Mme Dinnewil, ce club a lieu au CDI le\u2026<\/p>\n<p class=\"continue-reading-button\"> <a class=\"continue-reading-link\" href=\"https:\/\/etab.ac-reunion.fr\/clg-tamarins\/lancement-du-club-journal\/\">Continuer \u00e0 lire<i class=\"crycon-right-dir\"><\/i><\/a><\/p>\n","protected":false},"author":912,"featured_media":1297,"comment_status":"closed","ping_status":"closed","sticky":false,"template":"","format":"standard","meta":{"footnotes":""},"categories":[87,102,44],"tags":[103,104],"class_list":["post-2131","post","type-post","status-publish","format-standard","has-post-thumbnail","hentry","category-club-journal","category-la-feuille-des-tamarins","category-projets-activites","tag-journal","tag-journalisme"],"_links":{"self":[{"href":"https:\/\/etab.ac-reunion.fr\/clg-tamarins\/wp-json\/wp\/v2\/posts\/2131","targetHints":{"allow":["GET"]}}],"collection":[{"href":"https:\/\/etab.ac-reunion.fr\/clg-tamarins\/wp-json\/wp\/v2\/posts"}],"about":[{"href":"https:\/\/etab.ac-reunion.fr\/clg-tamarins\/wp-json\/wp\/v2\/types\/post"}],"author":[{"embeddable":true,"href":"https:\/\/etab.ac-reunion.fr\/clg-tamarins\/wp-json\/wp\/v2\/users\/912"}],"replies":[{"embeddable":true,"href":"https:\/\/etab.ac-reunion.fr\/clg-tamarins\/wp-json\/wp\/v2\/comments?post=2131"}],"version-history":[{"count":18,"href":"https:\/\/etab.ac-reunion.fr\/clg-tamarins\/wp-json\/wp\/v2\/posts\/2131\/revisions"}],"predecessor-version":[{"id":2450,"href":"https:\/\/etab.ac-reunion.fr\/clg-tamarins\/wp-json\/wp\/v2\/posts\/2131\/revisions\/2450"}],"wp:featuredmedia":[{"embeddable":true,"href":"https:\/\/etab.ac-reunion.fr\/clg-tamarins\/wp-json\/wp\/v2\/media\/1297"}],"wp:attachment":[{"href":"https:\/\/etab.ac-reunion.fr\/clg-tamarins\/wp-json\/wp\/v2\/media?parent=2131"}],"wp:term":[{"taxonomy":"category","embeddable":true,"href":"https:\/\/etab.ac-reunion.fr\/clg-tamarins\/wp-json\/wp\/v2\/categories?post=2131"},{"taxonomy":"post_tag","embeddable":true,"href":"https:\/\/etab.ac-reunion.fr\/clg-tamarins\/wp-json\/wp\/v2\/tags?post=2131"}],"curies":[{"name":"wp","href":"https:\/\/api.w.org\/{rel}","templated":true}]}}