{"id":2216,"date":"2014-10-06T09:59:14","date_gmt":"2014-10-06T05:59:14","guid":{"rendered":"http:\/\/college-les-tamarins.ac-reunion.fr\/?p=2216"},"modified":"2014-10-07T16:58:34","modified_gmt":"2014-10-07T12:58:34","slug":"sortie-pedagogique-des-6eme-girofle","status":"publish","type":"post","link":"https:\/\/etab.ac-reunion.fr\/clg-tamarins\/sortie-pedagogique-des-6eme-girofle\/","title":{"rendered":"Sortie p\u00e9dagogique des 6\u00e8me Girofle"},"content":{"rendered":"<h1>La matin\u00e9e au centre-ville de Saint-Pierre<\/h1>\n<p>Nous avons fait une sortie p\u00e9dagogique le vendredi 19 septembre 2014 pour visiter la ville de Saint-Pierre avec Mme DAMI, notre professeur d\u2019histoire -g\u00e9ographie.<\/p>\n<p>Nous avons trac\u00e9 notre itin\u00e9raire sur un plan. Nous avons vu des b\u00e2timents comme le Tribunal de Grande Instance, la sous-pr\u00e9fecture, la mairie, les monuments historiques, le port et ses bateaux de plaisance, le march\u00e9 couvert, la m\u00e9diath\u00e8que et l\u2019ancien tribunal de Saint-Pierre. Pour finir, avant de rentrer au coll\u00e8ge, nous nous sommes arr\u00eat\u00e9s devant le temple de Gandhi, la t\u00eate remplie de connaissances et satisfaits de nos d\u00e9couvertes.<\/p>\n<p>Nous remercions tout particuli\u00e8rement M\u00e9lissa pour son compte-rendu et Eddy, notre photographe.<\/p>\n<h3>Les \u00e9l\u00e8ves de la 6\u00e8me Girofle<\/h3>\n<p>&nbsp;<\/p>\n<div id=\"su_carousel_69f1fa8ca1dd3\" class=\"su-carousel su-carousel-centered su-carousel-pages-no su-carousel-responsive-yes\" style=\"width:100%\" data-autoplay=\"0\" data-speed=\"600\" data-mousewheel=\"false\" data-items=\"5\" data-scroll=\"5\"><div class=\"su-carousel-slides\"><div class=\"su-carousel-slide\"><a href=\"https:\/\/etab.ac-reunion.fr\/clg-tamarins\/wp-content\/uploads\/sites\/56\/2014\/10\/ART_HG_16-09-2014-3.jpg\" title=\"ART_HG_16-09-2014-3\"><img decoding=\"async\" src=\"https:\/\/etab.ac-reunion.fr\/clg-tamarins\/wp-content\/uploads\/sites\/56\/2014\/10\/ART_HG_16-09-2014-3.jpg\" alt=\"ART_HG_16-09-2014-3\" \/><\/a><\/div><div class=\"su-carousel-slide\"><a href=\"https:\/\/etab.ac-reunion.fr\/clg-tamarins\/wp-content\/uploads\/sites\/56\/2014\/10\/ART_HG_16-09-2014-2.jpg\" title=\"ART_HG_16-09-2014-2\"><img decoding=\"async\" src=\"https:\/\/etab.ac-reunion.fr\/clg-tamarins\/wp-content\/uploads\/sites\/56\/2014\/10\/ART_HG_16-09-2014-2.jpg\" alt=\"ART_HG_16-09-2014-2\" \/><\/a><\/div><div class=\"su-carousel-slide\"><a href=\"https:\/\/etab.ac-reunion.fr\/clg-tamarins\/wp-content\/uploads\/sites\/56\/2014\/10\/ART_HG_16-09-2014-1.jpg\" title=\"ART_HG_16-09-2014-1\"><img decoding=\"async\" src=\"https:\/\/etab.ac-reunion.fr\/clg-tamarins\/wp-content\/uploads\/sites\/56\/2014\/10\/ART_HG_16-09-2014-1.jpg\" alt=\"ART_HG_16-09-2014-1\" \/><\/a><\/div><\/div><div class=\"su-carousel-nav\"><div class=\"su-carousel-pagination\"><\/div><\/div><\/div>\n","protected":false},"excerpt":{"rendered":"<p>Visite du centre ville de Saint-Pierre &#8230;<\/p>\n<p class=\"continue-reading-button\"> <a class=\"continue-reading-link\" href=\"https:\/\/etab.ac-reunion.fr\/clg-tamarins\/sortie-pedagogique-des-6eme-girofle\/\">Continuer \u00e0 lire<i class=\"crycon-right-dir\"><\/i><\/a><\/p>\n","protected":false},"author":912,"featured_media":2221,"comment_status":"closed","ping_status":"closed","sticky":false,"template":"","format":"standard","meta":{"footnotes":""},"categories":[109,107,273],"tags":[109,112,113,110,111],"class_list":["post-2216","post","type-post","status-publish","format-standard","has-post-thumbnail","hentry","category-6eme-girofle","category-histoire-geographie","category-sorties","tag-6eme-girofle","tag-le-port","tag-monuments-historiques","tag-saint-pierre","tag-tribunal"],"_links":{"self":[{"href":"https:\/\/etab.ac-reunion.fr\/clg-tamarins\/wp-json\/wp\/v2\/posts\/2216","targetHints":{"allow":["GET"]}}],"collection":[{"href":"https:\/\/etab.ac-reunion.fr\/clg-tamarins\/wp-json\/wp\/v2\/posts"}],"about":[{"href":"https:\/\/etab.ac-reunion.fr\/clg-tamarins\/wp-json\/wp\/v2\/types\/post"}],"author":[{"embeddable":true,"href":"https:\/\/etab.ac-reunion.fr\/clg-tamarins\/wp-json\/wp\/v2\/users\/912"}],"replies":[{"embeddable":true,"href":"https:\/\/etab.ac-reunion.fr\/clg-tamarins\/wp-json\/wp\/v2\/comments?post=2216"}],"version-history":[{"count":13,"href":"https:\/\/etab.ac-reunion.fr\/clg-tamarins\/wp-json\/wp\/v2\/posts\/2216\/revisions"}],"predecessor-version":[{"id":2296,"href":"https:\/\/etab.ac-reunion.fr\/clg-tamarins\/wp-json\/wp\/v2\/posts\/2216\/revisions\/2296"}],"wp:featuredmedia":[{"embeddable":true,"href":"https:\/\/etab.ac-reunion.fr\/clg-tamarins\/wp-json\/wp\/v2\/media\/2221"}],"wp:attachment":[{"href":"https:\/\/etab.ac-reunion.fr\/clg-tamarins\/wp-json\/wp\/v2\/media?parent=2216"}],"wp:term":[{"taxonomy":"category","embeddable":true,"href":"https:\/\/etab.ac-reunion.fr\/clg-tamarins\/wp-json\/wp\/v2\/categories?post=2216"},{"taxonomy":"post_tag","embeddable":true,"href":"https:\/\/etab.ac-reunion.fr\/clg-tamarins\/wp-json\/wp\/v2\/tags?post=2216"}],"curies":[{"name":"wp","href":"https:\/\/api.w.org\/{rel}","templated":true}]}}