{"id":2391,"date":"2014-11-04T15:10:23","date_gmt":"2014-11-04T11:10:23","guid":{"rendered":"http:\/\/college-les-tamarins.ac-reunion.fr\/?p=2391"},"modified":"2014-11-18T10:40:31","modified_gmt":"2014-11-18T06:40:31","slug":"sortie-pedagogique-des-3ieme","status":"publish","type":"post","link":"https:\/\/etab.ac-reunion.fr\/clg-tamarins\/sortie-pedagogique-des-3ieme\/","title":{"rendered":"Sortie p\u00e9dagogique des 3i\u00e8me"},"content":{"rendered":"<h1>R\u00e9sum\u00e9 de la sortie du 16\/09\/2014<\/h1>\n<p>Nous, les 3e Banian et les 3e Flamboyant sommes all\u00e9s au Conseil G\u00e9n\u00e9ral, et \u00e0 l&rsquo;Espace des grands chantiers \u00e0 Saint-Denis. Arriv\u00e9s l\u00e0-bas nous avons fait un quizz concernant les grands chantiers r\u00e9gionaux, comme la nouvelle route du littoral, le Trans Eco Express, les a\u00e9roports (Pierrefonds et Roland Garros), les chantiers culturels (Stella Matutina, et La cit\u00e9 du volcan), les chantiers (VVR- Voie V\u00e9lo R\u00e9gionale), projets financ\u00e9s par les Accords de Matignon .<br \/>\nNous avons vu un film sur Stella Matutina (qui signifie \u00ab\u00a0\u00e9toile du matin\u00a0\u00bb). Cela nous a permis de r\u00e9pondre aux questions du questionnaire sur les chantiers culturels. Ensuite, nous avons continu\u00e9 le questionnaire gr\u00e2ce \u00e0 de nombreux panneaux d&rsquo;informations et quelques films.<br \/>\nNous avons eu la chance de pouvoir rencontrer et parler avec une \u00e9lue Mme Caderby (Membre de la commission culture, patrimoine, sport et vie associative), nous avons pu lui poser des questions concernant notre avenir ( le POP, l&rsquo;am\u00e9lioration des lyc\u00e9es, l&rsquo;aide aux jeunes \u00e9tudiants&#8230;) et la vie d&rsquo;une \u00e9lue (ses journ\u00e9es, que fera-t-elle apr\u00e8s son mandat&#8230;).<br \/>\nEnsuite, nous sommes all\u00e9s visiter d&rsquo;autres monuments, monuments aux morts (statue de Roland-Garros, aviateur n\u00e9 \u00e0 Saint-Denis\u00a0; un monument en m\u00e9moire des morts de la premi\u00e8re guerre mondiale devant l&rsquo;h\u00f4tel de ville avenue de la victoire). Nous sommes revenus \u00e0 l&rsquo;Espace des Grands Chantiers o\u00f9 on nous a offert un repas et une boisson.<\/p>\n<h4 class=\"signature\">FACONNIER Manon<br \/>\nVAN WALLEGHEM Tiana<br \/>\n3e Banian<\/h4>\n","protected":false},"excerpt":{"rendered":"<p>R\u00e9sum\u00e9 de la sortie du 16\/09\/2014 Nous, les 3e Banian et les 3e Flamboyant sommes all\u00e9s au Conseil G\u00e9n\u00e9ral, et \u00e0 l&rsquo;Espace des grands chantiers \u00e0 Saint-Denis. Arriv\u00e9s l\u00e0-bas nous avons fait un quizz concernant les grands chantiers r\u00e9gionaux, comme la nouvelle route du littoral, le Trans Eco Express, les\u2026<\/p>\n<p class=\"continue-reading-button\"> <a class=\"continue-reading-link\" href=\"https:\/\/etab.ac-reunion.fr\/clg-tamarins\/sortie-pedagogique-des-3ieme\/\">Continuer \u00e0 lire<i class=\"crycon-right-dir\"><\/i><\/a><\/p>\n","protected":false},"author":912,"featured_media":0,"comment_status":"closed","ping_status":"closed","sticky":false,"template":"","format":"standard","meta":{"footnotes":""},"categories":[119,120,273],"tags":[119,125,274],"class_list":["post-2391","post","type-post","status-publish","format-standard","hentry","category-3eme-banian","category-3eme-flamboyant","category-sorties","tag-3eme-banian","tag-3eme-flamboyant-2","tag-sorties"],"_links":{"self":[{"href":"https:\/\/etab.ac-reunion.fr\/clg-tamarins\/wp-json\/wp\/v2\/posts\/2391","targetHints":{"allow":["GET"]}}],"collection":[{"href":"https:\/\/etab.ac-reunion.fr\/clg-tamarins\/wp-json\/wp\/v2\/posts"}],"about":[{"href":"https:\/\/etab.ac-reunion.fr\/clg-tamarins\/wp-json\/wp\/v2\/types\/post"}],"author":[{"embeddable":true,"href":"https:\/\/etab.ac-reunion.fr\/clg-tamarins\/wp-json\/wp\/v2\/users\/912"}],"replies":[{"embeddable":true,"href":"https:\/\/etab.ac-reunion.fr\/clg-tamarins\/wp-json\/wp\/v2\/comments?post=2391"}],"version-history":[{"count":5,"href":"https:\/\/etab.ac-reunion.fr\/clg-tamarins\/wp-json\/wp\/v2\/posts\/2391\/revisions"}],"predecessor-version":[{"id":2494,"href":"https:\/\/etab.ac-reunion.fr\/clg-tamarins\/wp-json\/wp\/v2\/posts\/2391\/revisions\/2494"}],"wp:attachment":[{"href":"https:\/\/etab.ac-reunion.fr\/clg-tamarins\/wp-json\/wp\/v2\/media?parent=2391"}],"wp:term":[{"taxonomy":"category","embeddable":true,"href":"https:\/\/etab.ac-reunion.fr\/clg-tamarins\/wp-json\/wp\/v2\/categories?post=2391"},{"taxonomy":"post_tag","embeddable":true,"href":"https:\/\/etab.ac-reunion.fr\/clg-tamarins\/wp-json\/wp\/v2\/tags?post=2391"}],"curies":[{"name":"wp","href":"https:\/\/api.w.org\/{rel}","templated":true}]}}