{"id":2400,"date":"2014-11-10T16:15:22","date_gmt":"2014-11-10T12:15:22","guid":{"rendered":"http:\/\/college-les-tamarins.ac-reunion.fr\/?p=2400"},"modified":"2014-11-18T10:04:12","modified_gmt":"2014-11-18T06:04:12","slug":"sortie-a-la-mosquee","status":"publish","type":"post","link":"https:\/\/etab.ac-reunion.fr\/clg-tamarins\/sortie-a-la-mosquee\/","title":{"rendered":"Sortie \u00e0 la mosqu\u00e9e"},"content":{"rendered":"<p>Le lundi 29 septembre les 5\u00b0 CARAMBOLE se sont rendus \u00e0 la mosqu\u00e9e de Saint Pierre, pour illustrer leur cours d\u2019histoire sur \u00ab\u00a0les d\u00e9buts de l\u2019Islam\u00a0\u00bb.<\/p>\n<p>Apr\u00e8s quelques explications donn\u00e9es par madame Cardenas et des \u00ab\u00a0r\u00e9visions\u00a0\u00bb les \u00e9l\u00e8ves ont pu admirer l\u2019int\u00e9rieur de la mosqu\u00e9e et ont d\u00e9ambul\u00e9 dans les diff\u00e9rents espaces (salle de pri\u00e8res, bassins aux ablutions\u2026)<\/p>\n<p>Malgr\u00e9 leurs appr\u00e9hensions premi\u00e8res ils ont pu d\u00e9couvrir (et accepter) une nouvelle culture, un nouveau lieu de culte devant lequel ils passent quotidiennement.<\/p>\n<div class=\"su-custom-gallery su-custom-gallery-align-left su-custom-gallery-title-never su-lightbox-gallery\"><div class=\"su-custom-gallery-slide\" style=\"width:150px;height:150px\"><a href=\"https:\/\/etab.ac-reunion.fr\/clg-tamarins\/wp-content\/uploads\/sites\/56\/2014\/11\/ART_SORTIE_5car_mosqu\u00e9e_29-09_n4.jpg\" title=\"ART_SORTIE_5car_mosqu\u00e9e_29-09_n4\"><img loading=\"lazy\" decoding=\"async\" src=\"https:\/\/etab.ac-reunion.fr\/clg-tamarins\/wp-content\/uploads\/sites\/56\/2014\/11\/ART_SORTIE_5car_mosqu\u00e9e_29-09_n4.jpg\" alt=\"ART_SORTIE_5car_mosqu\u00e9e_29-09_n4\" width=\"150\" height=\"150\" \/><span class=\"su-custom-gallery-title\">ART_SORTIE_5car_mosqu\u00e9e_29-09_n4<\/span><\/a><\/div><div class=\"su-custom-gallery-slide\" style=\"width:150px;height:150px\"><a href=\"https:\/\/etab.ac-reunion.fr\/clg-tamarins\/wp-content\/uploads\/sites\/56\/2014\/11\/ART_SORTIE_5car_mosqu\u00e9e_29-09_n3.jpg\" title=\"ART_SORTIE_5car_mosqu\u00e9e_29-09_n3\"><img loading=\"lazy\" decoding=\"async\" src=\"https:\/\/etab.ac-reunion.fr\/clg-tamarins\/wp-content\/uploads\/sites\/56\/2014\/11\/ART_SORTIE_5car_mosqu\u00e9e_29-09_n3.jpg\" alt=\"ART_SORTIE_5car_mosqu\u00e9e_29-09_n3\" width=\"150\" height=\"150\" \/><span class=\"su-custom-gallery-title\">ART_SORTIE_5car_mosqu\u00e9e_29-09_n3<\/span><\/a><\/div><div class=\"su-custom-gallery-slide\" style=\"width:150px;height:150px\"><a href=\"https:\/\/etab.ac-reunion.fr\/clg-tamarins\/wp-content\/uploads\/sites\/56\/2014\/11\/ART_SORTIE_5car_mosqu\u00e9e_29-09_n2.jpg\" title=\"ART_SORTIE_5car_mosqu\u00e9e_29-09_n2\"><img loading=\"lazy\" decoding=\"async\" src=\"https:\/\/etab.ac-reunion.fr\/clg-tamarins\/wp-content\/uploads\/sites\/56\/2014\/11\/ART_SORTIE_5car_mosqu\u00e9e_29-09_n2.jpg\" alt=\"ART_SORTIE_5car_mosqu\u00e9e_29-09_n2\" width=\"150\" height=\"150\" \/><span class=\"su-custom-gallery-title\">ART_SORTIE_5car_mosqu\u00e9e_29-09_n2<\/span><\/a><\/div><div class=\"su-custom-gallery-slide\" style=\"width:150px;height:150px\"><a href=\"https:\/\/etab.ac-reunion.fr\/clg-tamarins\/wp-content\/uploads\/sites\/56\/2014\/11\/ART_SORTIE_5car_mosqu\u00e9e_29-09_n1.jpg\" title=\"ART_SORTIE_5car_mosqu\u00e9e_29-09_n1\"><img loading=\"lazy\" decoding=\"async\" src=\"https:\/\/etab.ac-reunion.fr\/clg-tamarins\/wp-content\/uploads\/sites\/56\/2014\/11\/ART_SORTIE_5car_mosqu\u00e9e_29-09_n1.jpg\" alt=\"ART_SORTIE_5car_mosqu\u00e9e_29-09_n1\" width=\"150\" height=\"150\" \/><span class=\"su-custom-gallery-title\">ART_SORTIE_5car_mosqu\u00e9e_29-09_n1<\/span><\/a><\/div><div class=\"su-clear\"><\/div><\/div>\n<h4 class=\"signature\">Nicole Eth\u00e8ve (professeur d&rsquo;histoire-g\u00e9ographie)<\/h4>\n","protected":false},"excerpt":{"rendered":"<p>Le lundi 29 septembre les 5\u00b0 CARAMBOLE se sont rendus \u00e0 la mosqu\u00e9e de Saint Pierre, pour illustrer leur cours d\u2019histoire sur \u00ab\u00a0les d\u00e9buts de l\u2019Islam\u00a0\u00bb. Apr\u00e8s quelques explications donn\u00e9es par madame Cardenas et des \u00ab\u00a0r\u00e9visions\u00a0\u00bb les \u00e9l\u00e8ves ont pu admirer l\u2019int\u00e9rieur de la mosqu\u00e9e et ont d\u00e9ambul\u00e9 dans les\u2026<\/p>\n<p class=\"continue-reading-button\"> <a class=\"continue-reading-link\" href=\"https:\/\/etab.ac-reunion.fr\/clg-tamarins\/sortie-a-la-mosquee\/\">Continuer \u00e0 lire<i class=\"crycon-right-dir\"><\/i><\/a><\/p>\n","protected":false},"author":912,"featured_media":2405,"comment_status":"closed","ping_status":"closed","sticky":false,"template":"","format":"standard","meta":{"footnotes":""},"categories":[122,273],"tags":[122,123,110,274],"class_list":["post-2400","post","type-post","status-publish","format-standard","has-post-thumbnail","hentry","category-5eme-carambole","category-sorties","tag-5eme-carambole","tag-mosquee","tag-saint-pierre","tag-sorties"],"_links":{"self":[{"href":"https:\/\/etab.ac-reunion.fr\/clg-tamarins\/wp-json\/wp\/v2\/posts\/2400","targetHints":{"allow":["GET"]}}],"collection":[{"href":"https:\/\/etab.ac-reunion.fr\/clg-tamarins\/wp-json\/wp\/v2\/posts"}],"about":[{"href":"https:\/\/etab.ac-reunion.fr\/clg-tamarins\/wp-json\/wp\/v2\/types\/post"}],"author":[{"embeddable":true,"href":"https:\/\/etab.ac-reunion.fr\/clg-tamarins\/wp-json\/wp\/v2\/users\/912"}],"replies":[{"embeddable":true,"href":"https:\/\/etab.ac-reunion.fr\/clg-tamarins\/wp-json\/wp\/v2\/comments?post=2400"}],"version-history":[{"count":5,"href":"https:\/\/etab.ac-reunion.fr\/clg-tamarins\/wp-json\/wp\/v2\/posts\/2400\/revisions"}],"predecessor-version":[{"id":2496,"href":"https:\/\/etab.ac-reunion.fr\/clg-tamarins\/wp-json\/wp\/v2\/posts\/2400\/revisions\/2496"}],"wp:featuredmedia":[{"embeddable":true,"href":"https:\/\/etab.ac-reunion.fr\/clg-tamarins\/wp-json\/wp\/v2\/media\/2405"}],"wp:attachment":[{"href":"https:\/\/etab.ac-reunion.fr\/clg-tamarins\/wp-json\/wp\/v2\/media?parent=2400"}],"wp:term":[{"taxonomy":"category","embeddable":true,"href":"https:\/\/etab.ac-reunion.fr\/clg-tamarins\/wp-json\/wp\/v2\/categories?post=2400"},{"taxonomy":"post_tag","embeddable":true,"href":"https:\/\/etab.ac-reunion.fr\/clg-tamarins\/wp-json\/wp\/v2\/tags?post=2400"}],"curies":[{"name":"wp","href":"https:\/\/api.w.org\/{rel}","templated":true}]}}